{"id":9942,"date":"2021-12-07T16:49:26","date_gmt":"2021-12-07T19:49:26","guid":{"rendered":"https:\/\/acrj.org.br\/?p=9942"},"modified":"2023-05-02T21:06:35","modified_gmt":"2023-05-03T00:06:35","slug":"claudio-castro-diz-que-podera-ter-queima-de-fogos-no-reveillon-de-copacabana","status":"publish","type":"post","link":"https:\/\/acrj.org.br\/index.php\/2021\/12\/07\/claudio-castro-diz-que-podera-ter-queima-de-fogos-no-reveillon-de-copacabana\/","title":{"rendered":"Cl\u00e1udio Castro diz que poder\u00e1 ter queima de fogos no r\u00e9veillon de Copacabana"},"content":{"rendered":"\t\t<div data-elementor-type=\"wp-post\" data-elementor-id=\"9942\" class=\"elementor elementor-9942\" data-elementor-post-type=\"post\">\n\t\t\t\t\t\t<section class=\"elementor-section elementor-top-section elementor-element elementor-element-10573df4 elementor-section-boxed elementor-section-height-default elementor-section-height-default\" data-id=\"10573df4\" data-element_type=\"section\" data-e-type=\"section\">\n\t\t\t\t\t\t<div class=\"elementor-container elementor-column-gap-default\">\n\t\t\t\t\t<div class=\"elementor-column elementor-col-100 elementor-top-column elementor-element elementor-element-62812a0c\" data-id=\"62812a0c\" data-element_type=\"column\" data-e-type=\"column\">\n\t\t\t<div class=\"elementor-widget-wrap elementor-element-populated\">\n\t\t\t\t\t\t<div class=\"elementor-element elementor-element-41372933 elementor-widget elementor-widget-text-editor\" data-id=\"41372933\" data-element_type=\"widget\" data-e-type=\"widget\" data-widget_type=\"text-editor.default\">\n\t\t\t\t<div class=\"elementor-widget-container\">\n\t\t\t\t\t\t\t\t\t\n<p>O presidente da Associa\u00e7\u00e3o Comercial do Rio de Janeiro, Jos\u00e9 Antonio do Nascimento Brito, recebeu o governador do Rio, Cl\u00e1udio Castro, nesta ter\u00e7a-feira (7\/12) para o tradicional Almo\u00e7o do Empres\u00e1rio, realizado pela ACRJ. Durante o evento, o governador comentou sobre o r\u00e9veillon no Rio de Janeiro e adiantou que conversou com o prefeito Eduardo Paes e ter\u00e1 uma reuni\u00e3o com ele para discutir o assunto.<\/p>\n\n<p>Segundo ele, os comit\u00eas cient\u00edficos do munic\u00edpio e estado v\u00e3o se reunir e decidir detalhes do r\u00e9veillon em Copacabana e em outros pontos do Rio. \u201cD\u00e1 para ter queima de fogos sem festa para uma quantidade reduzida de pessoas. A cidade n\u00e3o ser\u00e1 fechada, a menos que at\u00e9 l\u00e1 haja um grande surto, o que parece que n\u00e3o vai acontecer devido ao avan\u00e7o na vacina\u00e7\u00e3o. Orientamos n\u00e3o ter festas para milh\u00f5es de pessoas, mas n\u00e3o vejo por que n\u00e3o ter festas particulares\u201d, disse, garantindo que a decis\u00e3o final ser\u00e1 dele e do prefeito.<\/p>\n\n<p>Cl\u00e1udio Castro afirmou estar muito feliz pelo Rio ter voltado ao seu estado de protagonismo. \u201cEste ano, tivemos um resultado superavit\u00e1rio, sem contar com a Cedae. No ano que vem tamb\u00e9m. O Rio volta a ter credibilidade\u201d, anunciou. De acordo com o governador, todo dinheiro arrecadado com a venda da companhia ser\u00e1 usado em investimentos para gerar mais empregos e fazer justi\u00e7a social.<\/p>\n\n<p>O presidente da ACRJ agradeceu a presen\u00e7a de todos e lembrou que, h\u00e1 alguns anos, o estado do Rio se encontrava quebrado, em uma situa\u00e7\u00e3o anormal. \u201cO estado vai virar o ano com R$ 8 bilh\u00f5es em caixa. N\u00e3o me lembro de algo t\u00e3o extraordin\u00e1rio\u201d, afirmou o presidente.<\/p>\n\n<p>Durante o evento, foi assinado um Memorando de Entendimento para a realiza\u00e7\u00e3o de duas a\u00e7\u00f5es conjuntas: trazer a cole\u00e7\u00e3o Gilberto Chateaubriand para o Rio e viabilizar a segunda etapa da restaura\u00e7\u00e3o da Casa da Marquesa de Santos.<\/p>\n\n<p>Ao se referir \u00e0 exposi\u00e7\u00e3o da cole\u00e7\u00e3o Gilberto Chateaubriand, que acontecer\u00e1 em 2022 em homenagem ao centen\u00e1rio da Semana de Arte Moderna, o presidente da ACRJ declarou que \u201co Rio n\u00e3o teve Semana de Arte, mas sempre foi moderno e agora vai fazer talvez a comemora\u00e7\u00e3o mais bacana\u201d. Ele ressaltou a import\u00e2ncia da conserva\u00e7\u00e3o de museus e espa\u00e7os de mem\u00f3ria. \u201cPrecisamos de um museu a cada esquina, para que a nossa hist\u00f3ria nunca seja esquecida e a constru\u00e7\u00e3o do nosso futuro se d\u00ea de forma s\u00f3lida e bem embasada nas ra\u00edzes do povo brasileiro\u201d, afirmou.<\/p>\n\n<p>O evento na \u00edntegra est\u00e1 dispon\u00edvel no Canal ACRJ Divulga no YouTube. <strong><a href=\"https:\/\/youtu.be\/Mw3FEPLR_bE\">Acesse aqui<\/a><\/strong><\/p>\n<p>Fotos Adolfo Castro\u00a0<\/p>\n\t\t\t\t\t\t\t\t<\/div>\n\t\t\t\t<\/div>\n\t\t\t\t\t<\/div>\n\t\t<\/div>\n\t\t\t\t\t<\/div>\n\t\t<\/section>\n\t\t\t\t<section class=\"elementor-section elementor-top-section elementor-element elementor-element-72fddca elementor-section-boxed elementor-section-height-default elementor-section-height-default\" data-id=\"72fddca\" data-element_type=\"section\" data-e-type=\"section\">\n\t\t\t\t\t\t<div class=\"elementor-container elementor-column-gap-default\">\n\t\t\t\t\t<div class=\"elementor-column elementor-col-100 elementor-top-column elementor-element elementor-element-c5670ef\" data-id=\"c5670ef\" data-element_type=\"column\" data-e-type=\"column\">\n\t\t\t<div class=\"elementor-widget-wrap elementor-element-populated\">\n\t\t\t\t\t\t<div class=\"elementor-element elementor-element-dca15cd elementor-widget elementor-widget-gallery\" data-id=\"dca15cd\" data-element_type=\"widget\" data-e-type=\"widget\" data-settings=\"{&quot;columns&quot;:3,&quot;overlay_title&quot;:&quot;title&quot;,&quot;lazyload&quot;:&quot;yes&quot;,&quot;gallery_layout&quot;:&quot;grid&quot;,&quot;columns_tablet&quot;:2,&quot;columns_mobile&quot;:1,&quot;gap&quot;:{&quot;unit&quot;:&quot;px&quot;,&quot;size&quot;:10,&quot;sizes&quot;:[]},&quot;gap_tablet&quot;:{&quot;unit&quot;:&quot;px&quot;,&quot;size&quot;:10,&quot;sizes&quot;:[]},&quot;gap_mobile&quot;:{&quot;unit&quot;:&quot;px&quot;,&quot;size&quot;:10,&quot;sizes&quot;:[]},&quot;link_to&quot;:&quot;file&quot;,&quot;aspect_ratio&quot;:&quot;3:2&quot;,&quot;overlay_background&quot;:&quot;yes&quot;,&quot;content_hover_animation&quot;:&quot;fade-in&quot;}\" data-widget_type=\"gallery.default\">\n\t\t\t\t<div class=\"elementor-widget-container\">\n\t\t\t\t\t\t\t<div class=\"elementor-gallery__container\">\n\t\t\t\t\t\t\t<a class=\"e-gallery-item elementor-gallery-item elementor-animated-content\" href=\"https:\/\/acrj.org.br\/wp-content\/uploads\/2021\/12\/almoco.jpeg\" data-elementor-open-lightbox=\"yes\" data-elementor-lightbox-slideshow=\"dca15cd\" data-elementor-lightbox-title=\"Almo\u00e7o reuniu diversos empres\u00e1rios e autoridades\" data-e-action-hash=\"#elementor-action%3Aaction%3Dlightbox%26settings%3DeyJpZCI6OTk0NiwidXJsIjoiaHR0cHM6XC9cL2Fjcmoub3JnLmJyXC93cC1jb250ZW50XC91cGxvYWRzXC8yMDIxXC8xMlwvYWxtb2NvLmpwZWciLCJzbGlkZXNob3ciOiJkY2ExNWNkIn0%3D\">\n\t\t\t\t\t<div class=\"e-gallery-image elementor-gallery-item__image\" data-thumbnail=\"https:\/\/acrj.org.br\/wp-content\/uploads\/2021\/12\/almoco-300x200.jpeg\" data-width=\"300\" data-height=\"200\" aria-label=\"\" role=\"img\" ><\/div>\n\t\t\t\t\t\t\t\t\t\t\t<div class=\"elementor-gallery-item__overlay\"><\/div>\n\t\t\t\t\t\t\t\t\t\t\t\t\t\t\t<div class=\"elementor-gallery-item__content\">\n\t\t\t\t\t\t\t\t\t\t\t\t\t\t<div class=\"elementor-gallery-item__title\">\n\t\t\t\t\t\t\t\t\t\t\t\t\t\t\t\t\t\tAlmo\u00e7o reuniu diversos empres\u00e1rios e autoridades\t\t\t\t\t\t\t\t<\/div>\n\t\t\t\t\t\t\t\t\t\t\t\t<\/div>\n\t\t\t\t\t\t\t\t\t<\/a>\n\t\t\t\t\t\t\t<a class=\"e-gallery-item elementor-gallery-item elementor-animated-content\" href=\"https:\/\/acrj.org.br\/wp-content\/uploads\/2021\/12\/entrevista.jpeg\" data-elementor-open-lightbox=\"yes\" data-elementor-lightbox-slideshow=\"dca15cd\" data-elementor-lightbox-title=\"Coletiva de Imprensa\" data-e-action-hash=\"#elementor-action%3Aaction%3Dlightbox%26settings%3DeyJpZCI6OTk0NCwidXJsIjoiaHR0cHM6XC9cL2Fjcmoub3JnLmJyXC93cC1jb250ZW50XC91cGxvYWRzXC8yMDIxXC8xMlwvZW50cmV2aXN0YS5qcGVnIiwic2xpZGVzaG93IjoiZGNhMTVjZCJ9\">\n\t\t\t\t\t<div class=\"e-gallery-image elementor-gallery-item__image\" data-thumbnail=\"https:\/\/acrj.org.br\/wp-content\/uploads\/2021\/12\/entrevista-300x200.jpeg\" data-width=\"300\" data-height=\"200\" aria-label=\"\" role=\"img\" ><\/div>\n\t\t\t\t\t\t\t\t\t\t\t<div class=\"elementor-gallery-item__overlay\"><\/div>\n\t\t\t\t\t\t\t\t\t\t\t\t\t\t\t<div class=\"elementor-gallery-item__content\">\n\t\t\t\t\t\t\t\t\t\t\t\t\t\t<div class=\"elementor-gallery-item__title\">\n\t\t\t\t\t\t\t\t\t\t\t\t\t\t\t\t\t\tColetiva de Imprensa\t\t\t\t\t\t\t\t<\/div>\n\t\t\t\t\t\t\t\t\t\t\t\t<\/div>\n\t\t\t\t\t\t\t\t\t<\/a>\n\t\t\t\t\t\t\t<a class=\"e-gallery-item elementor-gallery-item elementor-animated-content\" href=\"https:\/\/acrj.org.br\/wp-content\/uploads\/2021\/12\/assinatura-do-memorando-de-Entendimento.jpeg\" data-elementor-open-lightbox=\"yes\" data-elementor-lightbox-slideshow=\"dca15cd\" data-elementor-lightbox-title=\"Governador Cl\u00e1udio Castro assina o Memorando de Entendimento com o presidente Jos\u00e9 Brito\" data-e-action-hash=\"#elementor-action%3Aaction%3Dlightbox%26settings%3DeyJpZCI6OTk0NywidXJsIjoiaHR0cHM6XC9cL2Fjcmoub3JnLmJyXC93cC1jb250ZW50XC91cGxvYWRzXC8yMDIxXC8xMlwvYXNzaW5hdHVyYS1kby1tZW1vcmFuZG8tZGUtRW50ZW5kaW1lbnRvLmpwZWciLCJzbGlkZXNob3ciOiJkY2ExNWNkIn0%3D\">\n\t\t\t\t\t<div class=\"e-gallery-image elementor-gallery-item__image\" data-thumbnail=\"https:\/\/acrj.org.br\/wp-content\/uploads\/2021\/12\/assinatura-do-memorando-de-Entendimento-300x200.jpeg\" data-width=\"300\" data-height=\"200\" aria-label=\"\" role=\"img\" ><\/div>\n\t\t\t\t\t\t\t\t\t\t\t<div class=\"elementor-gallery-item__overlay\"><\/div>\n\t\t\t\t\t\t\t\t\t\t\t\t\t\t\t<div class=\"elementor-gallery-item__content\">\n\t\t\t\t\t\t\t\t\t\t\t\t\t\t<div class=\"elementor-gallery-item__title\">\n\t\t\t\t\t\t\t\t\t\t\t\t\t\t\t\t\t\tGovernador Cl\u00e1udio Castro assina o Memorando de Entendimento com o presidente Jos\u00e9 Brito\t\t\t\t\t\t\t\t<\/div>\n\t\t\t\t\t\t\t\t\t\t\t\t<\/div>\n\t\t\t\t\t\t\t\t\t<\/a>\n\t\t\t\t\t\t\t<a class=\"e-gallery-item elementor-gallery-item elementor-animated-content\" href=\"https:\/\/acrj.org.br\/wp-content\/uploads\/2021\/12\/Daniel_Josa_Claudio-Castro_Wander-Giordano_VP-Multiplan.jpeg\" data-elementor-open-lightbox=\"yes\" data-elementor-lightbox-slideshow=\"dca15cd\" data-elementor-lightbox-title=\"VP da ACRJ, Daniel Homem de Carvalho, Cl\u00e1udio Castro, presidente Jos\u00e9 Brito e Wander Giordano, da Multiplan\" data-e-action-hash=\"#elementor-action%3Aaction%3Dlightbox%26settings%3DeyJpZCI6OTk0OCwidXJsIjoiaHR0cHM6XC9cL2Fjcmoub3JnLmJyXC93cC1jb250ZW50XC91cGxvYWRzXC8yMDIxXC8xMlwvRGFuaWVsX0pvc2FfQ2xhdWRpby1DYXN0cm9fV2FuZGVyLUdpb3JkYW5vX1ZQLU11bHRpcGxhbi5qcGVnIiwic2xpZGVzaG93IjoiZGNhMTVjZCJ9\">\n\t\t\t\t\t<div class=\"e-gallery-image elementor-gallery-item__image\" data-thumbnail=\"https:\/\/acrj.org.br\/wp-content\/uploads\/2021\/12\/Daniel_Josa_Claudio-Castro_Wander-Giordano_VP-Multiplan-300x200.jpeg\" data-width=\"300\" data-height=\"200\" aria-label=\"\" role=\"img\" ><\/div>\n\t\t\t\t\t\t\t\t\t\t\t<div class=\"elementor-gallery-item__overlay\"><\/div>\n\t\t\t\t\t\t\t\t\t\t\t\t\t\t\t<div class=\"elementor-gallery-item__content\">\n\t\t\t\t\t\t\t\t\t\t\t\t\t\t<div class=\"elementor-gallery-item__title\">\n\t\t\t\t\t\t\t\t\t\t\t\t\t\t\t\t\t\tVP da ACRJ, Daniel Homem de Carvalho, Cl\u00e1udio Castro, presidente Jos\u00e9 Brito e Wander Giordano, da Multiplan\t\t\t\t\t\t\t\t<\/div>\n\t\t\t\t\t\t\t\t\t\t\t\t<\/div>\n\t\t\t\t\t\t\t\t\t<\/a>\n\t\t\t\t\t\t\t<a class=\"e-gallery-item elementor-gallery-item elementor-animated-content\" href=\"https:\/\/acrj.org.br\/wp-content\/uploads\/2021\/12\/Douglas-Fasolato_Josa_Daniel-Homem-de-Carvalho_Jose-Roberto-Gifford_pres-da-Funarj.jpeg\" data-elementor-open-lightbox=\"yes\" data-elementor-lightbox-slideshow=\"dca15cd\" data-elementor-lightbox-title=\"Douglas Fasolato, presidente do CE de Assuntos Culturais da ACRJ, presidente Jos\u00e9 Brito, Daniel Homem da Carvalho e Jos\u00e9 Roberto Gifford, presidente da Funarj\" data-e-action-hash=\"#elementor-action%3Aaction%3Dlightbox%26settings%3DeyJpZCI6OTk0OSwidXJsIjoiaHR0cHM6XC9cL2Fjcmoub3JnLmJyXC93cC1jb250ZW50XC91cGxvYWRzXC8yMDIxXC8xMlwvRG91Z2xhcy1GYXNvbGF0b19Kb3NhX0RhbmllbC1Ib21lbS1kZS1DYXJ2YWxob19Kb3NlLVJvYmVydG8tR2lmZm9yZF9wcmVzLWRhLUZ1bmFyai5qcGVnIiwic2xpZGVzaG93IjoiZGNhMTVjZCJ9\">\n\t\t\t\t\t<div class=\"e-gallery-image elementor-gallery-item__image\" data-thumbnail=\"https:\/\/acrj.org.br\/wp-content\/uploads\/2021\/12\/Douglas-Fasolato_Josa_Daniel-Homem-de-Carvalho_Jose-Roberto-Gifford_pres-da-Funarj-300x200.jpeg\" data-width=\"300\" data-height=\"200\" aria-label=\"\" role=\"img\" ><\/div>\n\t\t\t\t\t\t\t\t\t\t\t<div class=\"elementor-gallery-item__overlay\"><\/div>\n\t\t\t\t\t\t\t\t\t\t\t\t\t\t\t<div class=\"elementor-gallery-item__content\">\n\t\t\t\t\t\t\t\t\t\t\t\t\t\t<div class=\"elementor-gallery-item__title\">\n\t\t\t\t\t\t\t\t\t\t\t\t\t\t\t\t\t\tDouglas Fasolato, presidente do CE de Assuntos Culturais da ACRJ, presidente Jos\u00e9 Brito, Daniel Homem da Carvalho e Jos\u00e9 Roberto Gifford, presidente da Funarj\t\t\t\t\t\t\t\t<\/div>\n\t\t\t\t\t\t\t\t\t\t\t\t<\/div>\n\t\t\t\t\t\t\t\t\t<\/a>\n\t\t\t\t\t\t\t<a class=\"e-gallery-item elementor-gallery-item elementor-animated-content\" href=\"https:\/\/acrj.org.br\/wp-content\/uploads\/2021\/12\/WhatsApp-Image-2021-12-07-at-18.24.15.jpeg\" data-elementor-open-lightbox=\"yes\" data-elementor-lightbox-slideshow=\"dca15cd\" data-elementor-lightbox-title=\"Humberto Filho, presidente do Conselho Empresarial de Governan\u00e7a e Compliance da ACRJ, Nicola Miccione, secret\u00e1rio de Estado da Casa Civil, Angela Costa, ex-presidente da ACRJ, e o presidente Jos\u00e9 Brito\" data-e-action-hash=\"#elementor-action%3Aaction%3Dlightbox%26settings%3DeyJpZCI6OTk1OCwidXJsIjoiaHR0cHM6XC9cL2Fjcmoub3JnLmJyXC93cC1jb250ZW50XC91cGxvYWRzXC8yMDIxXC8xMlwvV2hhdHNBcHAtSW1hZ2UtMjAyMS0xMi0wNy1hdC0xOC4yNC4xNS5qcGVnIiwic2xpZGVzaG93IjoiZGNhMTVjZCJ9\">\n\t\t\t\t\t<div class=\"e-gallery-image elementor-gallery-item__image\" data-thumbnail=\"https:\/\/acrj.org.br\/wp-content\/uploads\/2021\/12\/WhatsApp-Image-2021-12-07-at-18.24.15-300x200.jpeg\" data-width=\"300\" data-height=\"200\" aria-label=\"\" role=\"img\" ><\/div>\n\t\t\t\t\t\t\t\t\t\t\t<div class=\"elementor-gallery-item__overlay\"><\/div>\n\t\t\t\t\t\t\t\t\t\t\t\t\t\t\t<div class=\"elementor-gallery-item__content\">\n\t\t\t\t\t\t\t\t\t\t\t\t\t\t<div class=\"elementor-gallery-item__title\">\n\t\t\t\t\t\t\t\t\t\t\t\t\t\t\t\t\t\tHumberto Filho, presidente do Conselho Empresarial de Governan\u00e7a e Compliance da ACRJ, Nicola Miccione, secret\u00e1rio de Estado da Casa Civil, Angela Costa, ex-presidente da ACRJ, e o presidente Jos\u00e9 Brito\t\t\t\t\t\t\t\t<\/div>\n\t\t\t\t\t\t\t\t\t\t\t\t<\/div>\n\t\t\t\t\t\t\t\t\t<\/a>\n\t\t\t\t\t\t\t<a class=\"e-gallery-item elementor-gallery-item elementor-animated-content\" href=\"https:\/\/acrj.org.br\/wp-content\/uploads\/2021\/12\/WhatsApp-Image-2021-12-08-at-13.34.22-2.jpeg\" data-elementor-open-lightbox=\"yes\" data-elementor-lightbox-slideshow=\"dca15cd\" data-elementor-lightbox-title=\"O &quot;livro de Vizitas&quot;\" data-e-action-hash=\"#elementor-action%3Aaction%3Dlightbox%26settings%3DeyJpZCI6OTk2NywidXJsIjoiaHR0cHM6XC9cL2Fjcmoub3JnLmJyXC93cC1jb250ZW50XC91cGxvYWRzXC8yMDIxXC8xMlwvV2hhdHNBcHAtSW1hZ2UtMjAyMS0xMi0wOC1hdC0xMy4zNC4yMi0yLmpwZWciLCJzbGlkZXNob3ciOiJkY2ExNWNkIn0%3D\">\n\t\t\t\t\t<div class=\"e-gallery-image elementor-gallery-item__image\" data-thumbnail=\"https:\/\/acrj.org.br\/wp-content\/uploads\/2021\/12\/WhatsApp-Image-2021-12-08-at-13.34.22-2-300x200.jpeg\" data-width=\"300\" data-height=\"200\" aria-label=\"\" role=\"img\" ><\/div>\n\t\t\t\t\t\t\t\t\t\t\t<div class=\"elementor-gallery-item__overlay\"><\/div>\n\t\t\t\t\t\t\t\t\t\t\t\t\t\t\t<div class=\"elementor-gallery-item__content\">\n\t\t\t\t\t\t\t\t\t\t\t\t\t\t<div class=\"elementor-gallery-item__title\">\n\t\t\t\t\t\t\t\t\t\t\t\t\t\t\t\t\t\tO \"livro de Vizitas\"\t\t\t\t\t\t\t\t<\/div>\n\t\t\t\t\t\t\t\t\t\t\t\t<\/div>\n\t\t\t\t\t\t\t\t\t<\/a>\n\t\t\t\t\t\t\t<a class=\"e-gallery-item elementor-gallery-item elementor-animated-content\" href=\"https:\/\/acrj.org.br\/wp-content\/uploads\/2021\/12\/WhatsApp-Image-2021-12-08-at-13.34.22.jpeg\" data-elementor-open-lightbox=\"yes\" data-elementor-lightbox-slideshow=\"dca15cd\" data-elementor-lightbox-title=\"Assinatura do &quot;livro de Vizitas&quot;\" data-e-action-hash=\"#elementor-action%3Aaction%3Dlightbox%26settings%3DeyJpZCI6OTk2OCwidXJsIjoiaHR0cHM6XC9cL2Fjcmoub3JnLmJyXC93cC1jb250ZW50XC91cGxvYWRzXC8yMDIxXC8xMlwvV2hhdHNBcHAtSW1hZ2UtMjAyMS0xMi0wOC1hdC0xMy4zNC4yMi5qcGVnIiwic2xpZGVzaG93IjoiZGNhMTVjZCJ9\">\n\t\t\t\t\t<div class=\"e-gallery-image elementor-gallery-item__image\" data-thumbnail=\"https:\/\/acrj.org.br\/wp-content\/uploads\/2021\/12\/WhatsApp-Image-2021-12-08-at-13.34.22-300x200.jpeg\" data-width=\"300\" data-height=\"200\" aria-label=\"\" role=\"img\" ><\/div>\n\t\t\t\t\t\t\t\t\t\t\t<div class=\"elementor-gallery-item__overlay\"><\/div>\n\t\t\t\t\t\t\t\t\t\t\t\t\t\t\t<div class=\"elementor-gallery-item__content\">\n\t\t\t\t\t\t\t\t\t\t\t\t\t\t<div class=\"elementor-gallery-item__title\">\n\t\t\t\t\t\t\t\t\t\t\t\t\t\t\t\t\t\tAssinatura do \"livro de Vizitas\"\t\t\t\t\t\t\t\t<\/div>\n\t\t\t\t\t\t\t\t\t\t\t\t<\/div>\n\t\t\t\t\t\t\t\t\t<\/a>\n\t\t\t\t\t\t\t<a class=\"e-gallery-item elementor-gallery-item elementor-animated-content\" href=\"https:\/\/acrj.org.br\/wp-content\/uploads\/2021\/12\/WhatsApp-Image-2021-12-08-at-13.34.22-1.jpeg\" data-elementor-open-lightbox=\"yes\" data-elementor-lightbox-slideshow=\"dca15cd\" data-elementor-lightbox-title=\"Assinatura do &quot;livro de Vizitas&quot;\" data-e-action-hash=\"#elementor-action%3Aaction%3Dlightbox%26settings%3DeyJpZCI6OTk2NiwidXJsIjoiaHR0cHM6XC9cL2Fjcmoub3JnLmJyXC93cC1jb250ZW50XC91cGxvYWRzXC8yMDIxXC8xMlwvV2hhdHNBcHAtSW1hZ2UtMjAyMS0xMi0wOC1hdC0xMy4zNC4yMi0xLmpwZWciLCJzbGlkZXNob3ciOiJkY2ExNWNkIn0%3D\">\n\t\t\t\t\t<div class=\"e-gallery-image elementor-gallery-item__image\" data-thumbnail=\"https:\/\/acrj.org.br\/wp-content\/uploads\/2021\/12\/WhatsApp-Image-2021-12-08-at-13.34.22-1-300x200.jpeg\" data-width=\"300\" data-height=\"200\" aria-label=\"\" role=\"img\" ><\/div>\n\t\t\t\t\t\t\t\t\t\t\t<div class=\"elementor-gallery-item__overlay\"><\/div>\n\t\t\t\t\t\t\t\t\t\t\t\t\t\t\t<div class=\"elementor-gallery-item__content\">\n\t\t\t\t\t\t\t\t\t\t\t\t\t\t<div class=\"elementor-gallery-item__title\">\n\t\t\t\t\t\t\t\t\t\t\t\t\t\t\t\t\t\tAssinatura do \"livro de Vizitas\"\t\t\t\t\t\t\t\t<\/div>\n\t\t\t\t\t\t\t\t\t\t\t\t<\/div>\n\t\t\t\t\t\t\t\t\t<\/a>\n\t\t\t\t\t<\/div>\n\t\t\t\t\t<\/div>\n\t\t\t\t<\/div>\n\t\t\t\t\t<\/div>\n\t\t<\/div>\n\t\t\t\t\t<\/div>\n\t\t<\/section>\n\t\t\t\t<\/div>\n\t\t","protected":false},"excerpt":{"rendered":"<p>O presidente da Associa\u00e7\u00e3o Comercial do Rio de Janeiro, Jos\u00e9 Antonio do Nascimento Brito, recebeu o governador do Rio, Cl\u00e1udio Castro, nesta ter\u00e7a-feira (7\/12) para&hellip;<\/p>\n","protected":false},"author":3,"featured_media":9944,"comment_status":"closed","ping_status":"closed","sticky":false,"template":"","format":"standard","meta":{"_exactmetrics_skip_tracking":false,"_exactmetrics_sitenote_active":false,"_exactmetrics_sitenote_note":"","_exactmetrics_sitenote_category":0,"footnotes":""},"categories":[10],"tags":[],"class_list":["post-9942","post","type-post","status-publish","format-standard","has-post-thumbnail","hentry","category-noticias"],"_links":{"self":[{"href":"https:\/\/acrj.org.br\/index.php\/wp-json\/wp\/v2\/posts\/9942","targetHints":{"allow":["GET"]}}],"collection":[{"href":"https:\/\/acrj.org.br\/index.php\/wp-json\/wp\/v2\/posts"}],"about":[{"href":"https:\/\/acrj.org.br\/index.php\/wp-json\/wp\/v2\/types\/post"}],"author":[{"embeddable":true,"href":"https:\/\/acrj.org.br\/index.php\/wp-json\/wp\/v2\/users\/3"}],"replies":[{"embeddable":true,"href":"https:\/\/acrj.org.br\/index.php\/wp-json\/wp\/v2\/comments?post=9942"}],"version-history":[{"count":0,"href":"https:\/\/acrj.org.br\/index.php\/wp-json\/wp\/v2\/posts\/9942\/revisions"}],"wp:featuredmedia":[{"embeddable":true,"href":"https:\/\/acrj.org.br\/index.php\/wp-json\/wp\/v2\/media\/9944"}],"wp:attachment":[{"href":"https:\/\/acrj.org.br\/index.php\/wp-json\/wp\/v2\/media?parent=9942"}],"wp:term":[{"taxonomy":"category","embeddable":true,"href":"https:\/\/acrj.org.br\/index.php\/wp-json\/wp\/v2\/categories?post=9942"},{"taxonomy":"post_tag","embeddable":true,"href":"https:\/\/acrj.org.br\/index.php\/wp-json\/wp\/v2\/tags?post=9942"}],"curies":[{"name":"wp","href":"https:\/\/api.w.org\/{rel}","templated":true}]}}