{"id":9902,"date":"2021-12-04T14:18:55","date_gmt":"2021-12-04T17:18:55","guid":{"rendered":"https:\/\/acrj.org.br\/?p=9902"},"modified":"2023-01-18T13:07:39","modified_gmt":"2023-01-18T16:07:39","slug":"a-associacao-comercial-do-rio-de-janeiro-manifesta-seu-apoio-a-decisao-prudencial-tomada-pelo-prefeito-eduardo-paes","status":"publish","type":"post","link":"https:\/\/acrj.org.br\/index.php\/2021\/12\/04\/a-associacao-comercial-do-rio-de-janeiro-manifesta-seu-apoio-a-decisao-prudencial-tomada-pelo-prefeito-eduardo-paes\/","title":{"rendered":"ACRJ apoia a decis\u00e3o da Prefeitura do Rio sobre r\u00e9veillon na praia"},"content":{"rendered":"\n<p>A Associa\u00e7\u00e3o Comercial do Rio de Janeiro manifesta seu apoio \u00e0 decis\u00e3o prudencial tomada pelo prefeito Eduardo Paes de cancelar a tradicional queima de fogos e os shows simult\u00e2neos na praia de Copacabana na noite do R\u00e9veillon. \u00c9 importante esclarecer que eventos privados continuam liberados dentro das normas sanit\u00e1rias estabelecidas pelo poder p\u00fablico, de distanciamento, limite de lota\u00e7\u00e3o, uso de m\u00e1scara e apresenta\u00e7\u00e3o de passaporte de vacina\u00e7\u00e3o, bem como o funcionamento de bares, hot\u00e9is, restaurantes, shoppings e casas de show. No entanto, isso n\u00e3o significa que essa decis\u00e3o n\u00e3o possa ser revista, tanto pela Prefeitura quanto pelo Governo do Estado, com base nas orienta\u00e7\u00f5es dos Comit\u00eas Cient\u00edficos. A ACRJ reitera a necessidade de manter os protocolos da Prefeitura e do avan\u00e7o do processo de vacina\u00e7\u00e3o para que a economia n\u00e3o seja ainda mais prejudicada pela pandemia e para que a cidade volte o mais r\u00e1pido poss\u00edvel \u00e0 normalidade. Bem como da import\u00e2ncia da precis\u00e3o e clareza das informa\u00e7\u00f5es para evitar que instrumentos de d\u00favidas prejudiquem os setores produtivos.<\/p>\n","protected":false},"excerpt":{"rendered":"<p>A Associa\u00e7\u00e3o Comercial do Rio de Janeiro manifesta seu apoio \u00e0 decis\u00e3o prudencial tomada pelo prefeito Eduardo Paes de cancelar a tradicional queima de fogos&hellip;<\/p>\n","protected":false},"author":1,"featured_media":9903,"comment_status":"closed","ping_status":"closed","sticky":false,"template":"","format":"standard","meta":{"_exactmetrics_skip_tracking":false,"_exactmetrics_sitenote_active":false,"_exactmetrics_sitenote_note":"","_exactmetrics_sitenote_category":0,"footnotes":""},"categories":[10],"tags":[],"class_list":["post-9902","post","type-post","status-publish","format-standard","has-post-thumbnail","hentry","category-noticias"],"_links":{"self":[{"href":"https:\/\/acrj.org.br\/index.php\/wp-json\/wp\/v2\/posts\/9902","targetHints":{"allow":["GET"]}}],"collection":[{"href":"https:\/\/acrj.org.br\/index.php\/wp-json\/wp\/v2\/posts"}],"about":[{"href":"https:\/\/acrj.org.br\/index.php\/wp-json\/wp\/v2\/types\/post"}],"author":[{"embeddable":true,"href":"https:\/\/acrj.org.br\/index.php\/wp-json\/wp\/v2\/users\/1"}],"replies":[{"embeddable":true,"href":"https:\/\/acrj.org.br\/index.php\/wp-json\/wp\/v2\/comments?post=9902"}],"version-history":[{"count":0,"href":"https:\/\/acrj.org.br\/index.php\/wp-json\/wp\/v2\/posts\/9902\/revisions"}],"wp:featuredmedia":[{"embeddable":true,"href":"https:\/\/acrj.org.br\/index.php\/wp-json\/wp\/v2\/media\/9903"}],"wp:attachment":[{"href":"https:\/\/acrj.org.br\/index.php\/wp-json\/wp\/v2\/media?parent=9902"}],"wp:term":[{"taxonomy":"category","embeddable":true,"href":"https:\/\/acrj.org.br\/index.php\/wp-json\/wp\/v2\/categories?post=9902"},{"taxonomy":"post_tag","embeddable":true,"href":"https:\/\/acrj.org.br\/index.php\/wp-json\/wp\/v2\/tags?post=9902"}],"curies":[{"name":"wp","href":"https:\/\/api.w.org\/{rel}","templated":true}]}}