{"id":9892,"date":"2021-12-03T12:30:41","date_gmt":"2021-12-03T15:30:41","guid":{"rendered":"https:\/\/acrj.org.br\/?p=9892"},"modified":"2021-12-07T15:51:51","modified_gmt":"2021-12-07T18:51:51","slug":"governador-claudio-castro-e-o-proximo-convidado-da-acrj-para-o-tradicional-almoco-do-empresario","status":"publish","type":"post","link":"https:\/\/acrj.org.br\/index.php\/2021\/12\/03\/governador-claudio-castro-e-o-proximo-convidado-da-acrj-para-o-tradicional-almoco-do-empresario\/","title":{"rendered":"Governador Cl\u00e1udio Castro \u00e9 o pr\u00f3ximo convidado da ACRJ para o tradicional Almo\u00e7o do Empres\u00e1rio"},"content":{"rendered":"\n<p>A ACRJ vai receber o governador do Rio, Cl\u00e1udio Castro, que far\u00e1 uma palestra sobre \u201c2022 &#8211; Retomada do Rio de Janeiro. Perspectivas do Estado do Rio no P\u00f3s-Pandemia\u201d durante o tradicional Almo\u00e7o do Empres\u00e1rio da Associa\u00e7\u00e3o Comercial.<\/p>\n\n\n\n<p>O encontro ser\u00e1 no pr\u00f3ximo dia 7 de dezembro, \u00e0s 12h, e a ACRJ vai manter os protocolos sanit\u00e1rios em fun\u00e7\u00e3o da pandemia da Covid-19.<\/p>\n\n\n\n<p>O evento conta com o patroc\u00ednio da BAT Brasil e da Fecom\u00e9rcio RJ.<\/p>\n","protected":false},"excerpt":{"rendered":"<p>A ACRJ vai receber o governador do Rio, Cl\u00e1udio Castro, que far\u00e1 uma palestra sobre \u201c2022 &#8211; Retomada do Rio de Janeiro. Perspectivas do Estado&hellip;<\/p>\n","protected":false},"author":1,"featured_media":9893,"comment_status":"closed","ping_status":"closed","sticky":false,"template":"","format":"standard","meta":{"_exactmetrics_skip_tracking":false,"_exactmetrics_sitenote_active":false,"_exactmetrics_sitenote_note":"","_exactmetrics_sitenote_category":0,"footnotes":""},"categories":[10],"tags":[],"class_list":["post-9892","post","type-post","status-publish","format-standard","has-post-thumbnail","hentry","category-noticias"],"_links":{"self":[{"href":"https:\/\/acrj.org.br\/index.php\/wp-json\/wp\/v2\/posts\/9892","targetHints":{"allow":["GET"]}}],"collection":[{"href":"https:\/\/acrj.org.br\/index.php\/wp-json\/wp\/v2\/posts"}],"about":[{"href":"https:\/\/acrj.org.br\/index.php\/wp-json\/wp\/v2\/types\/post"}],"author":[{"embeddable":true,"href":"https:\/\/acrj.org.br\/index.php\/wp-json\/wp\/v2\/users\/1"}],"replies":[{"embeddable":true,"href":"https:\/\/acrj.org.br\/index.php\/wp-json\/wp\/v2\/comments?post=9892"}],"version-history":[{"count":0,"href":"https:\/\/acrj.org.br\/index.php\/wp-json\/wp\/v2\/posts\/9892\/revisions"}],"wp:featuredmedia":[{"embeddable":true,"href":"https:\/\/acrj.org.br\/index.php\/wp-json\/wp\/v2\/media\/9893"}],"wp:attachment":[{"href":"https:\/\/acrj.org.br\/index.php\/wp-json\/wp\/v2\/media?parent=9892"}],"wp:term":[{"taxonomy":"category","embeddable":true,"href":"https:\/\/acrj.org.br\/index.php\/wp-json\/wp\/v2\/categories?post=9892"},{"taxonomy":"post_tag","embeddable":true,"href":"https:\/\/acrj.org.br\/index.php\/wp-json\/wp\/v2\/tags?post=9892"}],"curies":[{"name":"wp","href":"https:\/\/api.w.org\/{rel}","templated":true}]}}