{"id":9885,"date":"2021-12-02T16:08:02","date_gmt":"2021-12-02T19:08:02","guid":{"rendered":"https:\/\/acrj.org.br\/?p=9885"},"modified":"2021-12-02T17:37:26","modified_gmt":"2021-12-02T20:37:26","slug":"presidente-da-acrj-recebe-comitiva-de-estudantes-colombianos","status":"publish","type":"post","link":"https:\/\/acrj.org.br\/index.php\/2021\/12\/02\/presidente-da-acrj-recebe-comitiva-de-estudantes-colombianos\/","title":{"rendered":"Presidente da ACRJ recebe comitiva de estudantes colombianos"},"content":{"rendered":"\n<p>O presidente da ACRJ, Jos\u00e9 Antonio do Nascimento Brito, recebeu, dia 2\/12, uma comitiva de 22 pessoas, entre alunos e professores da Funda\u00e7\u00e3o da Universidade de Neg\u00f3cios da C\u00e2mara de Com\u00e9rcio de Bogot\u00e1, na Col\u00f4mbia. O grupo est\u00e1 no Brasil como parte do programa Miss\u00f5es Acad\u00eamicas de Neg\u00f3cios no exterior, que inclui visitas a empresas e institui\u00e7\u00f5es p\u00fablicas e privadas e a locais culturais no Rio de Janeiro e em S\u00e3o Paulo.<\/p>\n\n\n\n<p>Ap\u00f3s as boas-vindas do presidente ao grupo, Nascimento Brito fez uma apresenta\u00e7\u00e3o sobre a Associa\u00e7\u00e3o Comercial e sua import\u00e2ncia hist\u00f3rica e sua atua\u00e7\u00e3o hoje no contexto da cidade do Rio de Janeiro. \u201cSomos uma Associa\u00e7\u00e3o com 212 anos de exist\u00eancia, a mais antiga do Brasil\u201d, explicou. O encontro foi organizado pelo presidente do Conselho Empresarial de Jovens Empreendedores da ACRJ, Pedro Rafael, e contou ainda com a participa\u00e7\u00e3o do benem\u00e9rito Pedro Ernesto Mariano de Azevedo.<\/p>\n\n\n\n<p>\u201cEste tipo de interc\u00e2mbio \u00e9 muito importante e mostra o interesse dos jovens em buscar novas culturas, em buscar se conectar com o mundo. Isso \u00e9 fundamental hoje em dia\u201d, afirmou Pedro Rafael.<\/p>\n\n\n\n<p>O presidente Jos\u00e9 Antonio agradeceu a presen\u00e7a de todos e acrescentou que com o mundo globalizado, esse tipo de interc\u00e2mbio \u00e9 important\u00edssimo e fundamental para esses jovens que est\u00e3o prestes a entrar no mercado de trabalho. \u201cPor isso, meu conselho \u00e9: estudem bastante, conhe\u00e7am novas culturas, se poss\u00edvel, e troquem experi\u00eancias. Iniciativas como essas s\u00e3o muito importantes para voc\u00eas e enriquecedor para n\u00f3s tamb\u00e9m\u201d, ressaltou.<\/p>\n\n\n\n<p>Ao longo da reuni\u00e3o, cada integrante da comitiva teve a oportunidade de se apresentar e contar um pouco da experi\u00eancia pessoal no Brasil, especificamente no Rio de Janeiro, e do aprendizado que est\u00e3o levando em seu retorno ao pa\u00eds natal.<\/p>\n","protected":false},"excerpt":{"rendered":"<p>O presidente da ACRJ, Jos\u00e9 Antonio do Nascimento Brito, recebeu, dia 2\/12, uma comitiva de 22 pessoas, entre alunos e professores da Funda\u00e7\u00e3o da Universidade&hellip;<\/p>\n","protected":false},"author":3,"featured_media":9887,"comment_status":"closed","ping_status":"closed","sticky":false,"template":"","format":"standard","meta":{"_exactmetrics_skip_tracking":false,"_exactmetrics_sitenote_active":false,"_exactmetrics_sitenote_note":"","_exactmetrics_sitenote_category":0,"footnotes":""},"categories":[10],"tags":[],"class_list":["post-9885","post","type-post","status-publish","format-standard","has-post-thumbnail","hentry","category-noticias"],"_links":{"self":[{"href":"https:\/\/acrj.org.br\/index.php\/wp-json\/wp\/v2\/posts\/9885","targetHints":{"allow":["GET"]}}],"collection":[{"href":"https:\/\/acrj.org.br\/index.php\/wp-json\/wp\/v2\/posts"}],"about":[{"href":"https:\/\/acrj.org.br\/index.php\/wp-json\/wp\/v2\/types\/post"}],"author":[{"embeddable":true,"href":"https:\/\/acrj.org.br\/index.php\/wp-json\/wp\/v2\/users\/3"}],"replies":[{"embeddable":true,"href":"https:\/\/acrj.org.br\/index.php\/wp-json\/wp\/v2\/comments?post=9885"}],"version-history":[{"count":0,"href":"https:\/\/acrj.org.br\/index.php\/wp-json\/wp\/v2\/posts\/9885\/revisions"}],"wp:featuredmedia":[{"embeddable":true,"href":"https:\/\/acrj.org.br\/index.php\/wp-json\/wp\/v2\/media\/9887"}],"wp:attachment":[{"href":"https:\/\/acrj.org.br\/index.php\/wp-json\/wp\/v2\/media?parent=9885"}],"wp:term":[{"taxonomy":"category","embeddable":true,"href":"https:\/\/acrj.org.br\/index.php\/wp-json\/wp\/v2\/categories?post=9885"},{"taxonomy":"post_tag","embeddable":true,"href":"https:\/\/acrj.org.br\/index.php\/wp-json\/wp\/v2\/tags?post=9885"}],"curies":[{"name":"wp","href":"https:\/\/api.w.org\/{rel}","templated":true}]}}