{"id":9846,"date":"2021-12-07T16:00:00","date_gmt":"2021-12-07T19:00:00","guid":{"rendered":"https:\/\/acrj.org.br\/?p=9846"},"modified":"2023-03-21T12:03:28","modified_gmt":"2023-03-21T15:03:28","slug":"conselho-superior-entrega-diplomas-aos-benemeritos-eleitos","status":"publish","type":"post","link":"https:\/\/acrj.org.br\/index.php\/2021\/12\/07\/conselho-superior-entrega-diplomas-aos-benemeritos-eleitos\/","title":{"rendered":"Conselho Superior entrega diplomas aos benem\u00e9ritos eleitos"},"content":{"rendered":"\n<div class=\"wp-block-group\"><div class=\"wp-block-group__inner-container is-layout-flow wp-block-group-is-layout-flow\">\n<div class=\"wp-block-columns is-layout-flex wp-container-core-columns-is-layout-9d6595d7 wp-block-columns-is-layout-flex\">\n<div class=\"wp-block-column is-layout-flow wp-block-column-is-layout-flow\" style=\"flex-basis:100%\">\n<p>O Conselho Superior da ACRJ esteve reunido dia 29\/11 para a entrega dos diplomas aos benem\u00e9ritos eleitos em setembro. A reuni\u00e3o foi conduzida pelo presidente do Conselho Superior, Marco Polo Moreira Leite, e contou com a presen\u00e7a do vice-presidente do Conselho, Ruy Barreto Filho; do diretor-secret\u00e1rio, Aureo Salles de Barros; do presidente da ACRJ, Jos\u00e9 Antonio do Nascimento Brito, al\u00e9m de conselheiros grandes benem\u00e9ritos e benem\u00e9ritos.<\/p>\n\n\n\n<p>Os agraciados, vice-presidente de Rela\u00e7\u00f5es com as Associa\u00e7\u00f5es Comerciais da Cidade do Rio de Janeiro, Aureo Ricardo Salles de Barros, e o presidente do Conselho Empresarial de Medicina e Bem-Estar, Gilberto Ururahy, foram diplomados pelo presidente Marco Polo.<\/p>\n\n\n\n<p>Emocionados, Gilberto Ururahy e Ricardo Salles agradeceram a honraria e as palavras dos conselheiros. \u201cN\u00e3o poderia deixar de agradecer o carinho da Associa\u00e7\u00e3o Comercial em rela\u00e7\u00e3o a minha pessoa, e tamb\u00e9m ao presidente Marco Polo pela generosidade, ao presidente Josa pelo apoio, ao Daniel Homem de Carvalho pelas palavras, e a minha querida presidente Angela Costa. Meu cora\u00e7\u00e3o foi acariciado com tamanha distin\u00e7\u00e3o\u201d, disse Gilberto Ururahy.<\/p>\n\n\n\n<p>\u201cAgrade\u00e7o muito esta honraria. Destaco aqui a lideran\u00e7a do presidente Marco Polo e a import\u00e2ncia que tem o Conselho Superior no direcionamento da Casa nessa nova gest\u00e3o. Precisamos ouvir mais voc\u00eas e entender de onde viemos para conseguir projetar para onde n\u00f3s vamos\u201d, afirmou Ricardo Salles.<\/p>\n\n\n\n<p>Ao abrir a reuni\u00e3o, o presidente Marco Polo pediu um minuto de sil\u00eancio em homenagem ao benem\u00e9rito S\u00e9rgio Carvalho, que faleceu recentemente. Ele prestou uma homenagem ao empres\u00e1rio que desde 1978 fazia parte dos quadros da Casa de Mau\u00e1. \u201cS\u00e9rgio tinha uma rela\u00e7\u00e3o de muito amor com esta Casa, com seu semelhante, com seus amigos e, claro, com sua fam\u00edlia. Tenho muito orgulho da nossa amizade e da proximidade entre as nossas fam\u00edlias. Pessoalmente foi uma perda muito grande\u201d, lamentou.<\/p>\n\n\n\n<p>O presidente Jos\u00e9 Antonio acrescentou que \u201cS\u00e9rgio ser\u00e1 lembrado pelo seu sorriso e pelo amor pela vida, al\u00e9m de ter sido um grande empreendedor. Assim sempre me lembrarei dele\u201d.<\/p>\n\n\n\n<p>Ruy Barreto Filho muito emocionado destacou que convive com a fam\u00edlia Carvalho por mais de 50 anos. \u201cEle era gigante, em tudo, onde ia era aplaudido de p\u00e9, criou uma fam\u00edlia maravilhosa que tenho o prazer de conviver. Aprendi muito com ele sobre \u00e9tica, moral e garra para conseguir algo na vida\u201d, lembrou.<\/p>\n\n\n\n<p>Presente \u00e0 reuni\u00e3o, a esposa de S\u00e9rgio Carvalho, Lia Baptista Carvalho, agradeceu a homenagem acrescentando que estava muito feliz e emocionada \u201cpelo S\u00e9rgio e pela minha fam\u00edlia\u201d.<\/p>\n<\/div>\n<\/div>\n\n\n\n<div class=\"wp-block-columns is-layout-flex wp-container-core-columns-is-layout-9d6595d7 wp-block-columns-is-layout-flex\">\n<div class=\"wp-block-column is-layout-flow wp-block-column-is-layout-flow\" style=\"flex-basis:100%\">\n<figure class=\"wp-block-gallery aligncenter has-nested-images columns-default is-cropped wp-block-gallery-1 is-layout-flex wp-block-gallery-is-layout-flex\">\n<figure class=\"wp-block-image size-large\"><img fetchpriority=\"high\" decoding=\"async\" width=\"1024\" height=\"768\" data-id=\"9848\" src=\"https:\/\/acrj.org.br\/wp-content\/uploads\/2021\/11\/IMG_20211129_114138167-1024x768.jpg\" alt=\"\" class=\"wp-image-9848\" srcset=\"https:\/\/acrj.org.br\/wp-content\/uploads\/2021\/11\/IMG_20211129_114138167-1024x768.jpg 1024w, https:\/\/acrj.org.br\/wp-content\/uploads\/2021\/11\/IMG_20211129_114138167-scaled-600x450.jpg 600w, https:\/\/acrj.org.br\/wp-content\/uploads\/2021\/11\/IMG_20211129_114138167-300x225.jpg 300w, https:\/\/acrj.org.br\/wp-content\/uploads\/2021\/11\/IMG_20211129_114138167-768x576.jpg 768w, https:\/\/acrj.org.br\/wp-content\/uploads\/2021\/11\/IMG_20211129_114138167-1536x1152.jpg 1536w, https:\/\/acrj.org.br\/wp-content\/uploads\/2021\/11\/IMG_20211129_114138167-2048x1536.jpg 2048w\" sizes=\"(max-width: 1024px) 100vw, 1024px\" \/><figcaption class=\"wp-element-caption\">Lia Carvalho na homenagem a S\u00e9rgio Carvalho<\/figcaption><\/figure>\n\n\n\n<figure class=\"wp-block-image size-large\"><img decoding=\"async\" width=\"1024\" height=\"768\" data-id=\"9851\" src=\"https:\/\/acrj.org.br\/wp-content\/uploads\/2021\/11\/IMG_20211129_114310757-1024x768.jpg\" alt=\"\" class=\"wp-image-9851\" srcset=\"https:\/\/acrj.org.br\/wp-content\/uploads\/2021\/11\/IMG_20211129_114310757-1024x768.jpg 1024w, https:\/\/acrj.org.br\/wp-content\/uploads\/2021\/11\/IMG_20211129_114310757-scaled-600x450.jpg 600w, https:\/\/acrj.org.br\/wp-content\/uploads\/2021\/11\/IMG_20211129_114310757-300x225.jpg 300w, https:\/\/acrj.org.br\/wp-content\/uploads\/2021\/11\/IMG_20211129_114310757-768x576.jpg 768w, https:\/\/acrj.org.br\/wp-content\/uploads\/2021\/11\/IMG_20211129_114310757-1536x1152.jpg 1536w, https:\/\/acrj.org.br\/wp-content\/uploads\/2021\/11\/IMG_20211129_114310757-2048x1536.jpg 2048w\" sizes=\"(max-width: 1024px) 100vw, 1024px\" \/><figcaption class=\"wp-element-caption\">Marco Polo, Ricardo Salles e \u00c1ureo Salles de Barros<\/figcaption><\/figure>\n\n\n\n<figure class=\"wp-block-image size-large\"><img decoding=\"async\" width=\"1024\" height=\"768\" data-id=\"9850\" src=\"https:\/\/acrj.org.br\/wp-content\/uploads\/2021\/11\/IMG_20211129_114251459-1024x768.jpg\" alt=\"\" class=\"wp-image-9850\" srcset=\"https:\/\/acrj.org.br\/wp-content\/uploads\/2021\/11\/IMG_20211129_114251459-1024x768.jpg 1024w, https:\/\/acrj.org.br\/wp-content\/uploads\/2021\/11\/IMG_20211129_114251459-scaled-600x450.jpg 600w, https:\/\/acrj.org.br\/wp-content\/uploads\/2021\/11\/IMG_20211129_114251459-300x225.jpg 300w, https:\/\/acrj.org.br\/wp-content\/uploads\/2021\/11\/IMG_20211129_114251459-768x576.jpg 768w, https:\/\/acrj.org.br\/wp-content\/uploads\/2021\/11\/IMG_20211129_114251459-1536x1152.jpg 1536w, https:\/\/acrj.org.br\/wp-content\/uploads\/2021\/11\/IMG_20211129_114251459-2048x1536.jpg 2048w\" sizes=\"(max-width: 1024px) 100vw, 1024px\" \/><figcaption class=\"wp-element-caption\">Marco Polo e Gilberto Ururahy<\/figcaption><\/figure>\n<\/figure>\n<\/div>\n<\/div>\n<\/div><\/div>\n","protected":false},"excerpt":{"rendered":"<p>O Conselho Superior da ACRJ esteve reunido dia 29\/11 para a entrega dos diplomas aos benem\u00e9ritos eleitos em setembro. A reuni\u00e3o foi conduzida pelo presidente&hellip;<\/p>\n","protected":false},"author":3,"featured_media":9847,"comment_status":"closed","ping_status":"closed","sticky":false,"template":"","format":"standard","meta":{"_exactmetrics_skip_tracking":false,"_exactmetrics_sitenote_active":false,"_exactmetrics_sitenote_note":"","_exactmetrics_sitenote_category":0,"footnotes":""},"categories":[6],"tags":[],"class_list":["post-9846","post","type-post","status-publish","format-standard","has-post-thumbnail","hentry","category-destaque_noticias"],"_links":{"self":[{"href":"https:\/\/acrj.org.br\/index.php\/wp-json\/wp\/v2\/posts\/9846","targetHints":{"allow":["GET"]}}],"collection":[{"href":"https:\/\/acrj.org.br\/index.php\/wp-json\/wp\/v2\/posts"}],"about":[{"href":"https:\/\/acrj.org.br\/index.php\/wp-json\/wp\/v2\/types\/post"}],"author":[{"embeddable":true,"href":"https:\/\/acrj.org.br\/index.php\/wp-json\/wp\/v2\/users\/3"}],"replies":[{"embeddable":true,"href":"https:\/\/acrj.org.br\/index.php\/wp-json\/wp\/v2\/comments?post=9846"}],"version-history":[{"count":0,"href":"https:\/\/acrj.org.br\/index.php\/wp-json\/wp\/v2\/posts\/9846\/revisions"}],"wp:featuredmedia":[{"embeddable":true,"href":"https:\/\/acrj.org.br\/index.php\/wp-json\/wp\/v2\/media\/9847"}],"wp:attachment":[{"href":"https:\/\/acrj.org.br\/index.php\/wp-json\/wp\/v2\/media?parent=9846"}],"wp:term":[{"taxonomy":"category","embeddable":true,"href":"https:\/\/acrj.org.br\/index.php\/wp-json\/wp\/v2\/categories?post=9846"},{"taxonomy":"post_tag","embeddable":true,"href":"https:\/\/acrj.org.br\/index.php\/wp-json\/wp\/v2\/tags?post=9846"}],"curies":[{"name":"wp","href":"https:\/\/api.w.org\/{rel}","templated":true}]}}