{"id":9779,"date":"2021-11-22T11:52:33","date_gmt":"2021-11-22T14:52:33","guid":{"rendered":"https:\/\/acrj.org.br\/?p=9779"},"modified":"2021-11-22T14:37:18","modified_gmt":"2021-11-22T17:37:18","slug":"inflacao-dos-estados-unidos-pode-prejudicar-recuperacao-economica-global","status":"publish","type":"post","link":"https:\/\/acrj.org.br\/index.php\/2021\/11\/22\/inflacao-dos-estados-unidos-pode-prejudicar-recuperacao-economica-global\/","title":{"rendered":"Infla\u00e7\u00e3o dos Estados Unidos pode prejudicar recupera\u00e7\u00e3o econ\u00f4mica global"},"content":{"rendered":"\n<p>O Conselho Empresarial de Pol\u00edticas Econ\u00f4micas da ACRJ se reuniu remotamente, dia 18 de novembro, e analisou o cen\u00e1rio da economia no mundo. O presidente do Conselho, embaixador Marc\u00edlio Marques Moreira, avaliou que a taxa de infla\u00e7\u00e3o dos Estados Unidos pode dificultar a recupera\u00e7\u00e3o da economia global.<\/p>\n\n\n\n<p>A taxa chegou a 6,2%, no per\u00edodo de novembro de 2020 a outubro de 2021, a maior dos \u00faltimos 31 anos.<\/p>\n\n\n\n<p>Em rela\u00e7\u00e3o ao Brasil, a expectativa dos conselheiros \u00e9 de retra\u00e7\u00e3o. Eles informaram que j\u00e1 h\u00e1 avalia\u00e7\u00f5es dando conta que o PIB (Produto Interno Bruto) dever\u00e1 ter varia\u00e7\u00e3o negativa em 2022. Se mostraram preocupados ainda, n\u00e3o s\u00f3 com o n\u00edvel de desemprego, que continua alto, mas com a renda m\u00e9dia do brasileiro que se mant\u00e9m em queda.<\/p>\n\n\n\n<p>Outro ponto discutido durante a reuni\u00e3o foi sobre o setor de cimento, um dos indicadores que mostram os avan\u00e7os econ\u00f4micos do pa\u00eds. O conselheiro Jos\u00e9 Ot\u00e1vio Carvalho informou que houve uma redu\u00e7\u00e3o do consumo em 10% esse ano, o que era esperado. Ele explicou que de maio at\u00e9 setembro havia estabilidade, a partir desse per\u00edodo come\u00e7ou a diminuir o consumo, se comparado a 2020.<\/p>\n\n\n\n<p>Sobre a crise h\u00eddrica, os conselheiros acreditam que o cen\u00e1rio energ\u00e9tico brasileiro vai depender do ver\u00e3o e que os valores das contas n\u00e3o devem ser reduzidos.<\/p>\n\n\n\n<p>No encontro virtual, o presidente do Conselho alertou ainda para a nova onda da Covid-19, principalmente na Europa. \u201cA nova onda da Covid pode prejudicar a performance na Europa e tamb\u00e9m nos Estados Unidos. Pode ser um freio na recupera\u00e7\u00e3o econ\u00f4mica. A situa\u00e7\u00e3o projeta uma certa precau\u00e7\u00e3o para o Brasil, mesmo com os n\u00fameros caindo\u201d, ressaltou Marc\u00edlio Marques Moreira.<\/p>\n\n\n\n<p>Os pa\u00edses europeus est\u00e3o avaliando poss\u00edveis restri\u00e7\u00f5es para conter a propaga\u00e7\u00e3o do v\u00edrus. O embaixador comentou que a Alemanha, por exemplo, j\u00e1 tem registro recorde de casos di\u00e1rios, ultrapassando mais de 60 mil novas infec\u00e7\u00f5es\/dia.<\/p>\n\n\n\n<figure class=\"wp-block-image size-full is-resized\"><img fetchpriority=\"high\" decoding=\"async\" src=\"https:\/\/acrj.org.br\/wp-content\/uploads\/2021\/11\/Foto-poleco_18_nov.jpg\" alt=\"\" class=\"wp-image-9801\" width=\"499\" height=\"168\" srcset=\"https:\/\/acrj.org.br\/wp-content\/uploads\/2021\/11\/Foto-poleco_18_nov.jpg 991w, https:\/\/acrj.org.br\/wp-content\/uploads\/2021\/11\/Foto-poleco_18_nov-600x203.jpg 600w, https:\/\/acrj.org.br\/wp-content\/uploads\/2021\/11\/Foto-poleco_18_nov-300x102.jpg 300w, https:\/\/acrj.org.br\/wp-content\/uploads\/2021\/11\/Foto-poleco_18_nov-768x260.jpg 768w\" sizes=\"(max-width: 499px) 100vw, 499px\" \/><\/figure>\n\n\n\n<p><\/p>\n","protected":false},"excerpt":{"rendered":"<p>O Conselho Empresarial de Pol\u00edticas Econ\u00f4micas da ACRJ se reuniu remotamente, dia 18 de novembro, e analisou o cen\u00e1rio da economia no mundo. O presidente&hellip;<\/p>\n","protected":false},"author":3,"featured_media":9780,"comment_status":"closed","ping_status":"closed","sticky":false,"template":"","format":"standard","meta":{"_exactmetrics_skip_tracking":false,"_exactmetrics_sitenote_active":false,"_exactmetrics_sitenote_note":"","_exactmetrics_sitenote_category":0,"footnotes":""},"categories":[10],"tags":[],"class_list":["post-9779","post","type-post","status-publish","format-standard","has-post-thumbnail","hentry","category-noticias"],"_links":{"self":[{"href":"https:\/\/acrj.org.br\/index.php\/wp-json\/wp\/v2\/posts\/9779","targetHints":{"allow":["GET"]}}],"collection":[{"href":"https:\/\/acrj.org.br\/index.php\/wp-json\/wp\/v2\/posts"}],"about":[{"href":"https:\/\/acrj.org.br\/index.php\/wp-json\/wp\/v2\/types\/post"}],"author":[{"embeddable":true,"href":"https:\/\/acrj.org.br\/index.php\/wp-json\/wp\/v2\/users\/3"}],"replies":[{"embeddable":true,"href":"https:\/\/acrj.org.br\/index.php\/wp-json\/wp\/v2\/comments?post=9779"}],"version-history":[{"count":0,"href":"https:\/\/acrj.org.br\/index.php\/wp-json\/wp\/v2\/posts\/9779\/revisions"}],"wp:featuredmedia":[{"embeddable":true,"href":"https:\/\/acrj.org.br\/index.php\/wp-json\/wp\/v2\/media\/9780"}],"wp:attachment":[{"href":"https:\/\/acrj.org.br\/index.php\/wp-json\/wp\/v2\/media?parent=9779"}],"wp:term":[{"taxonomy":"category","embeddable":true,"href":"https:\/\/acrj.org.br\/index.php\/wp-json\/wp\/v2\/categories?post=9779"},{"taxonomy":"post_tag","embeddable":true,"href":"https:\/\/acrj.org.br\/index.php\/wp-json\/wp\/v2\/tags?post=9779"}],"curies":[{"name":"wp","href":"https:\/\/api.w.org\/{rel}","templated":true}]}}