{"id":9768,"date":"2021-11-19T15:26:00","date_gmt":"2021-11-19T18:26:00","guid":{"rendered":"https:\/\/acrj.org.br\/?p=9768"},"modified":"2021-11-22T12:04:45","modified_gmt":"2021-11-22T15:04:45","slug":"multiplan-inaugura-empreendimento-que-vai-gerar-cerca-de-8-mil-empregos","status":"publish","type":"post","link":"https:\/\/acrj.org.br\/index.php\/2021\/11\/19\/multiplan-inaugura-empreendimento-que-vai-gerar-cerca-de-8-mil-empregos\/","title":{"rendered":"Multiplan inaugura empreendimento que vai gerar cerca de 8 mil empregos"},"content":{"rendered":"\n<p>A Multiplan inaugura o 20\u00ba shopping center da companhia, o ParkJacarepagu\u00e1, na Zona Oeste do Rio de Janeiro. Com investimento de R$ 1 bilh\u00e3o, a iniciativa vai gerar cerca de 8 mil empregos diretos e indiretos.<\/p>\n\n\n\n<p>O presidente da ACRJ, Jos\u00e9 Antonio do Nascimento Brito, comemorou a chegada de mais este empreendimento na cidade e destacou o pioneirismo do fundador da Multiplan, Jos\u00e9 Isaac Peres. \u201cIsaac Peres mostra mais uma vez que acredita na nossa cidade e, de novo, \u00e9 um pioneiro ao desenvolver um projeto deste porte mesmo durante a pandemia. Ele que colocou a Barra da Tijuca no mapa econ\u00f4mico da cidade, ao inaugurar o Barra Shopping no in\u00edcio dos anos 80, apostou em um novo empreendimento que est\u00e1 gerando milhares de empregos para nossa popula\u00e7\u00e3o\u201d, afirmou.<\/p>\n\n\n\n<p>Localizado em uma das regi\u00f5es de maior expans\u00e3o na cidade, o empreendimento vai atender uma popula\u00e7\u00e3o estimada em cerca de 700 mil habitantes com enorme demanda por servi\u00e7os, com\u00e9rcio e lazer, tudo em um s\u00f3 lugar. \u201cO ParkJacarepagu\u00e1 \u00e9 resultado do conhecimento que acumulamos ao longo dos quase 50 anos de hist\u00f3ria da Multiplan e reflete nosso compromisso permanente com o desenvolvimento e a inova\u00e7\u00e3o. Trabalhamos incansavelmente para garantir \u00e0 sociedade e aos nossos parceiros que o nosso melhor empreendimento \u00e9 sempre o mais recente\u201d, afirma o fundador e presidente da Multiplan, Jos\u00e9 Isaac Peres.<\/p>\n\n\n\n<p>O vice-presidente Institucional da Multiplan, Vander Giordano, que \u00e9 membro do Conselho Empresarial de Turismo da ACRJ, ressaltou a parceria entre o poder p\u00fablico e a iniciativa privada. \u201cAcreditamos que a iniciativa privada deve contribuir com o poder p\u00fablico para a melhoria da qualidade de vida e o bem-estar da sociedade\u201d, afirmou.<\/p>\n\n\n\n<p>O shopping foi constru\u00eddo em um terreno de aproximadamente 110 mil m\u00b2 e conta com arquitetura \u00fanica e inovadora, sendo totalmente integrado ao ambiente externo, com 4.500 m\u00b2 de superf\u00edcie de vidro nas fachadas, paisagismo composto por 1.200 \u00e1rvores e 15 mil m\u00b2 de \u00e1rea verde. Ser\u00e3o mais de 230 lojas, supermercado, academia, cinemas, centro de eventos multiuso com capacidade para mil pessoas, diversas op\u00e7\u00f5es gastron\u00f4micas, entre outros espa\u00e7os<em>. <\/em>O ParkJacarepagu\u00e1 foi projetado e constru\u00eddo a partir das mais modernas tecnologias sustent\u00e1veis e seguindo as melhores pr\u00e1ticas ambientais, visando maior efici\u00eancia operacional e menor custo condominial. &nbsp;Possui uma das maiores usinas de energia solar da cidade, com 3.686 pain\u00e9is de c\u00e9lulas fotovoltaicas e capacidade para gerar 2.122MWh de energia ao ano. \u00c9 o suficiente para abastecer cerca de 15% da necessidade de energia do shopping e equivalente ao consumo de 620 resid\u00eancias.<\/p>\n\n\n\n<p>Outras informa\u00e7\u00f5es no site: <a href=\"https:\/\/www.multiplan.com.br\/\">https:\/\/www.multiplan.com.br\/<\/a><\/p>\n\n\n\n<p>Foto: Divulga\u00e7\u00e3o Multiplan<\/p>\n\n\n\n<p><\/p>\n","protected":false},"excerpt":{"rendered":"<p>A Multiplan inaugura o 20\u00ba shopping center da companhia, o ParkJacarepagu\u00e1, na Zona Oeste do Rio de Janeiro. Com investimento de R$ 1 bilh\u00e3o, a&hellip;<\/p>\n","protected":false},"author":3,"featured_media":9769,"comment_status":"closed","ping_status":"closed","sticky":false,"template":"","format":"standard","meta":{"_exactmetrics_skip_tracking":false,"_exactmetrics_sitenote_active":false,"_exactmetrics_sitenote_note":"","_exactmetrics_sitenote_category":0,"footnotes":""},"categories":[10],"tags":[],"class_list":["post-9768","post","type-post","status-publish","format-standard","has-post-thumbnail","hentry","category-noticias"],"_links":{"self":[{"href":"https:\/\/acrj.org.br\/index.php\/wp-json\/wp\/v2\/posts\/9768","targetHints":{"allow":["GET"]}}],"collection":[{"href":"https:\/\/acrj.org.br\/index.php\/wp-json\/wp\/v2\/posts"}],"about":[{"href":"https:\/\/acrj.org.br\/index.php\/wp-json\/wp\/v2\/types\/post"}],"author":[{"embeddable":true,"href":"https:\/\/acrj.org.br\/index.php\/wp-json\/wp\/v2\/users\/3"}],"replies":[{"embeddable":true,"href":"https:\/\/acrj.org.br\/index.php\/wp-json\/wp\/v2\/comments?post=9768"}],"version-history":[{"count":0,"href":"https:\/\/acrj.org.br\/index.php\/wp-json\/wp\/v2\/posts\/9768\/revisions"}],"wp:featuredmedia":[{"embeddable":true,"href":"https:\/\/acrj.org.br\/index.php\/wp-json\/wp\/v2\/media\/9769"}],"wp:attachment":[{"href":"https:\/\/acrj.org.br\/index.php\/wp-json\/wp\/v2\/media?parent=9768"}],"wp:term":[{"taxonomy":"category","embeddable":true,"href":"https:\/\/acrj.org.br\/index.php\/wp-json\/wp\/v2\/categories?post=9768"},{"taxonomy":"post_tag","embeddable":true,"href":"https:\/\/acrj.org.br\/index.php\/wp-json\/wp\/v2\/tags?post=9768"}],"curies":[{"name":"wp","href":"https:\/\/api.w.org\/{rel}","templated":true}]}}