{"id":9760,"date":"2021-11-18T12:24:39","date_gmt":"2021-11-18T15:24:39","guid":{"rendered":"https:\/\/acrj.org.br\/?p=9760"},"modified":"2021-11-18T14:30:06","modified_gmt":"2021-11-18T17:30:06","slug":"sebrae-rio-esta-com-inscricoes-abertas-para-projetos-subsidiados-entre-70-a-98-para-gestao-dos-pequenos-negocios","status":"publish","type":"post","link":"https:\/\/acrj.org.br\/index.php\/2021\/11\/18\/sebrae-rio-esta-com-inscricoes-abertas-para-projetos-subsidiados-entre-70-a-98-para-gestao-dos-pequenos-negocios\/","title":{"rendered":"Sebrae Rio est\u00e1 com inscri\u00e7\u00f5es abertas para projetos subsidiados para gest\u00e3o dos pequenos neg\u00f3cios"},"content":{"rendered":"\n<p>Desde o in\u00edcio do ano, o Sebrae Rio promoveu 28 projetos de est\u00edmulo a gest\u00e3o dos pequenos neg\u00f3cios. Desse total, seis editais ainda est\u00e3o com inscri\u00e7\u00f5es em aberto. Durante o per\u00edodo, as micro e pequenas empresas do estado, al\u00e9m do MEI, ter\u00e3o capacita\u00e7\u00f5es visando a redu\u00e7\u00e3o de custos, aumento do faturamento, inser\u00e7\u00e3o de novas tecnologias e o desenvolvimento de novos produtos. Dependendo do projeto, o Sebrae Rio subsidia entre 70 e 98% do valor total do curso. Todas as capacita\u00e7\u00f5es t\u00eam dura\u00e7\u00e3o de 12 meses. As inscri\u00e7\u00f5es podem ser feitas pelo link &#8211; <a href=\"https:\/\/www.sebrae.com.br\/sites\/PortalSebrae\/ufs\/rj\/sebraeaz\/editais-sebrae-rio-2021,081fb87579937710VgnVCM1000004c00210aRCRD\">https:\/\/www.sebrae.com.br\/sites\/PortalSebrae\/ufs\/rj\/sebraeaz\/editais-sebrae-rio-2021,081fb87579937710VgnVCM1000004c00210aRCRD<\/a><\/p>\n\n\n\n<p>\u201cN\u00f3s estamos atentos \u00e0s necessidades que os pequenos neg\u00f3cios enfrentam no dia a dia. A crise acelerou a entrada no ambiente digital e antecipou tend\u00eancias. O nosso objetivo \u00e9 melhorar o processo gerencial das empresas e fornecer acesso \u00e0s novas tecnologias. As capacita\u00e7\u00f5es s\u00e3o individuais e coletivas. Isso estimula a troca de expertises entre empresas do mesmo segmento, al\u00e9m do networking\u201d, pontua Ana Lucia Lima, gerente de Projetos do Sebrae Rio.<\/p>\n\n\n\n<p>Editais com inscri\u00e7\u00f5es em aberto:<\/p>\n\n\n\n<p><strong>Com\u00e9rcio Multissetorial \u2013 <\/strong>Centro e vinte empresas selecionadas ter\u00e3o a oportunidade de se capacitar em temas como finan\u00e7as, marketing digital e estrat\u00e9gico, gest\u00e3o de pessoas e inova\u00e7\u00e3o. Nesse per\u00edodo, o empres\u00e1rio contar\u00e1 com capacita\u00e7\u00f5es coletivas, consultorias individualizadas e mentorias. O Sebrae Rio subsidiar\u00e1 87% do curso, sendo que o empreendedor ficar\u00e1 respons\u00e1vel pelo pagamento de R$ 510, parcelado em at\u00e9 12x sem juros no cart\u00e3o de cr\u00e9dito. Inscri\u00e7\u00f5es at\u00e9 o dia 03 de dezembro.<\/p>\n\n\n\n<p><strong>Mercado Pet &#8211; <\/strong>Oitenta empreendedores ser\u00e3o capacitados para reposicionarem a sua marca, potencializar vendas e orientados a construir novas estrat\u00e9gias de crescimento. O Sebrae Rio subsidiar\u00e1 90% do curso, sendo que o empreendedor ficar\u00e1 respons\u00e1vel pelo pagamento de R$ 537,50, parcelado em at\u00e9 12x sem juros no cart\u00e3o de cr\u00e9dito. Inscri\u00e7\u00f5es at\u00e9 o dia 03 de dezembro.<\/p>\n\n\n\n<p><strong>Alimenta\u00e7\u00e3o Fora do Lar &#8211; <\/strong>O Sebrae Rio vai selecionar 120 microempresas, empresas de pequeno porte ou MEI para participarem de um conjunto de atividades que v\u00e3o proporcionar melhorias na gest\u00e3o das empresas.&nbsp; O Sebrae Rio subsidiar\u00e1 90% do curso, sendo que o empreendedor ficar\u00e1 respons\u00e1vel pelo pagamento de R$ 350, parcelado em at\u00e9 12x sem juros no cart\u00e3o de cr\u00e9dito. Inscri\u00e7\u00f5es at\u00e9 o dia 19 de novembro.<\/p>\n\n\n\n<p><strong>Ind\u00fastria da Moda &#8211; <\/strong>Durante 12 meses, 40 pequenos neg\u00f3cios participar\u00e3o de atividades com o prop\u00f3sito de construir novas estrat\u00e9gias com enfoque em lideran\u00e7a de equipes, marketing digital, finan\u00e7as e sustentabilidade para aumentar a competitividade da sua empresa. O Sebrae Rio subsidiar\u00e1 95% do curso, sendo que o empreendedor ficar\u00e1 respons\u00e1vel por 12 parcelas de R$ 25 sem juros no cart\u00e3o de cr\u00e9dito. Inscri\u00e7\u00f5es at\u00e9 o dia 25 de novembro.<\/p>\n\n\n\n<p><strong>Panifica\u00e7\u00e3o e Confeitaria \u2013 <\/strong>Sessenta empresas ter\u00e3o acesso a novas estrat\u00e9gias para melhorar a gest\u00e3o e a inova\u00e7\u00e3o do seu neg\u00f3cio, com enfoque em canais de vendas digitais. O Sebrae Rio subsidiar\u00e1 93% do curso, sendo que o empreendedor ficar\u00e1 respons\u00e1vel por 12 parcelas de R$ 25 sem juros no cart\u00e3o de cr\u00e9dito. Inscri\u00e7\u00f5es at\u00e9 o dia 25 de novembro.<\/p>\n\n\n\n<p><strong>Constru\u00e7\u00e3o Civil &#8211; <\/strong>Cinquenta microempresas ou empresas de pequeno porte ter\u00e3o atividades com foco em melhorias gerenciais, finan\u00e7as e marketing digital. O Sebrae Rio subsidiar\u00e1 95% do curso, sendo que o empreendedor ficar\u00e1 respons\u00e1vel pelo pagamento de R$ 400, parcelado em at\u00e9 12x sem juros no cart\u00e3o de cr\u00e9dito. Inscri\u00e7\u00f5es at\u00e9 o dia 25 de novembro<strong>.<\/strong><\/p>\n","protected":false},"excerpt":{"rendered":"<p>Desde o in\u00edcio do ano, o Sebrae Rio promoveu 28 projetos de est\u00edmulo a gest\u00e3o dos pequenos neg\u00f3cios. Desse total, seis editais ainda est\u00e3o com&hellip;<\/p>\n","protected":false},"author":3,"featured_media":9762,"comment_status":"closed","ping_status":"open","sticky":false,"template":"","format":"standard","meta":{"_exactmetrics_skip_tracking":false,"_exactmetrics_sitenote_active":false,"_exactmetrics_sitenote_note":"","_exactmetrics_sitenote_category":0,"footnotes":""},"categories":[10],"tags":[],"class_list":["post-9760","post","type-post","status-publish","format-standard","has-post-thumbnail","hentry","category-noticias"],"_links":{"self":[{"href":"https:\/\/acrj.org.br\/index.php\/wp-json\/wp\/v2\/posts\/9760","targetHints":{"allow":["GET"]}}],"collection":[{"href":"https:\/\/acrj.org.br\/index.php\/wp-json\/wp\/v2\/posts"}],"about":[{"href":"https:\/\/acrj.org.br\/index.php\/wp-json\/wp\/v2\/types\/post"}],"author":[{"embeddable":true,"href":"https:\/\/acrj.org.br\/index.php\/wp-json\/wp\/v2\/users\/3"}],"replies":[{"embeddable":true,"href":"https:\/\/acrj.org.br\/index.php\/wp-json\/wp\/v2\/comments?post=9760"}],"version-history":[{"count":0,"href":"https:\/\/acrj.org.br\/index.php\/wp-json\/wp\/v2\/posts\/9760\/revisions"}],"wp:featuredmedia":[{"embeddable":true,"href":"https:\/\/acrj.org.br\/index.php\/wp-json\/wp\/v2\/media\/9762"}],"wp:attachment":[{"href":"https:\/\/acrj.org.br\/index.php\/wp-json\/wp\/v2\/media?parent=9760"}],"wp:term":[{"taxonomy":"category","embeddable":true,"href":"https:\/\/acrj.org.br\/index.php\/wp-json\/wp\/v2\/categories?post=9760"},{"taxonomy":"post_tag","embeddable":true,"href":"https:\/\/acrj.org.br\/index.php\/wp-json\/wp\/v2\/tags?post=9760"}],"curies":[{"name":"wp","href":"https:\/\/api.w.org\/{rel}","templated":true}]}}