{"id":9666,"date":"2021-11-10T17:32:00","date_gmt":"2021-11-10T20:32:00","guid":{"rendered":"https:\/\/acrj.org.br\/?p=9666"},"modified":"2021-11-16T15:06:24","modified_gmt":"2021-11-16T18:06:24","slug":"humberto-mota-filho-sugere-a-criacao-de-um-centro-de-estudos-de-governanca-e-sustentabilidade","status":"publish","type":"post","link":"https:\/\/acrj.org.br\/index.php\/2021\/11\/10\/humberto-mota-filho-sugere-a-criacao-de-um-centro-de-estudos-de-governanca-e-sustentabilidade\/","title":{"rendered":"Humberto Mota Filho sugere a cria\u00e7\u00e3o de um Centro de Estudos de Governan\u00e7a e Sustentabilidade"},"content":{"rendered":"\n<p>A proposta foi apresentada pelo presidente do Conselho Empresarial de Governan\u00e7a e Compliance da ACRJ, Humberto Mota Filho, durante reuni\u00e3o online, dia 05 de novembro. Na ocasi\u00e3o, ele convidou os presentes para contribuir na forma\u00e7\u00e3o de um Centro de Estudos em Governan\u00e7a e Sustentabilidade, liderado pelo Conselho e que servir\u00e1 para atender a todos, Associa\u00e7\u00e3o Comercial e Rio de Janeiro. &nbsp;<\/p>\n\n\n\n<p>O encontro contou com a participa\u00e7\u00e3o do c\u00f4nsul-geral da China no Rio de Janeiro, Tian Min, do conselheiro do Centro Brasileiro de Rela\u00e7\u00f5es Internacionais (CEBRI), do embaixador Roberto Abdenur, do professor da Funda\u00e7\u00e3o Dom Cabral, Paulo Vicente dos Santos Alves, e do s\u00f3cio no C\u00e2ndido de Oliveira Advogados, Leonardo Vitor de Paiva Freire. O tema da reuni\u00e3o foi \u201cGovernan\u00e7a Global e Investimentos: novas oportunidades e desafios\u201d.<\/p>\n\n\n\n<p>O c\u00f4nsul-Geral da China no Rio de Janeiro foi apresentado pelo presidente do Conselho Superior da ACRJ, Marco Polo Moreira Leite, que enalteceu as rela\u00e7\u00f5es entre os dois pa\u00edses. \u201cO c\u00f4nsul tem trabalhado a favor das rela\u00e7\u00f5es Brasil e China. Pa\u00edses que t\u00eam muito a mostrar e que demonstram estar abertos a ouvir e a dialogar\u201d, comentou.<\/p>\n\n\n\n<p>O vice-presidente dos Conselhos Empresariais da ACRJ, Alberto Blois, refor\u00e7ou a import\u00e2ncia da parceria com o pa\u00eds asi\u00e1tico. \u201cPrecisamos valorizar cada vez mais essa rela\u00e7\u00e3o. Fortalecendo essa parceria, tendo como ponto focal o Rio, buscamos o desenvolvimento do estado e da capital. &nbsp;E como costumo conversar com o Humberto Mota Filho, se o Rio de Janeiro est\u00e1 bem, o Brasil est\u00e1 bem. E vice-versa\u201d, avaliou.<\/p>\n\n\n\n<p>Tian Min apresentou uma s\u00e9rie de iniciativas realizadas e que vem beneficiando os brasileiros, como investimentos de R$ 80 bilh\u00f5es em agricultura, petr\u00f3leo e tecnologia, entre outros, e gera\u00e7\u00e3o de 40 mil empregos diretos. Segundo ele, a China se tornou ao longo do tempo o maior parceiro do Brasil e a expectativa \u00e9 que haja progresso nesse relacionamento.<\/p>\n\n\n\n<p>\u201cA China est\u00e1 disposta a expandir a parceria em setores emergentes, como a economia digital, de baixo carbono, agricultura, telecomunica\u00e7\u00f5es. O objetivo \u00e9 avan\u00e7armos juntos no desenvolvimento sustent\u00e1vel\u201d, informou o c\u00f4nsul. Ele adiantou que as empresas chinesas est\u00e3o otimistas com a perspectiva do Brasil, a m\u00e9dio e longo prazos, investir em \u00e1reas chaves, proporcionando um ambiente de coopera\u00e7\u00e3o e comercial justo.<\/p>\n\n\n\n<p>O conselheiro do CEBRI, embaixador Roberto Abdenur, destacou que no passado houve grandes crises, como as duas guerras mundiais e o cen\u00e1rio adverso da economia, mas que as atuais, a pandemia e o desequil\u00edbrio clim\u00e1tico, s\u00e3o diferentes porque t\u00eam alcances existenciais, a pr\u00f3pria sobreviv\u00eancia da humanidade. \u201cA ideia de sustentabilidade, desenvolvimento sustent\u00e1vel, \u00e9 de import\u00e2ncia decisiva para o enfrentamento dessas novas crises globais que n\u00f3s estamos passando\u201d, enfatizou o embaixador, frisando que hoje, para a crise do clima, amplamente discutida na COP 26 (Confer\u00eancia das Na\u00e7\u00f5es Unidas sobre as Mudan\u00e7as Clim\u00e1ticas de 2021), a governan\u00e7a ambiental \u00e9 o maior desafio.<\/p>\n\n\n\n<p>Em sua apresenta\u00e7\u00e3o, o professor da Funda\u00e7\u00e3o Dom Cabral lembrou que a discuss\u00e3o sobre os problemas ambientais n\u00e3o \u00e9 nova e que a demanda por consumo da popula\u00e7\u00e3o s\u00f3 tende a crescer nas pr\u00f3ximas d\u00e9cadas, passando dos 7 bilh\u00f5es de pessoas atualmente para 11 bilh\u00f5es at\u00e9 o fim do s\u00e9culo. Com isso, o n\u00edvel de consumo ser\u00e1 em torno de oito vezes maior por alimentos, min\u00e9rio e energia, entre outros. A tend\u00eancia ser\u00e1 a competi\u00e7\u00e3o por recursos naturais e a amplia\u00e7\u00e3o de fronteiras, por exemplo.<\/p>\n\n\n\n<p>\u201cA sa\u00edda \u00e9 a tecnologia, para industrializar, achar novas fontes de energia, expandir fronteira, resolver o n\u00f3\u201d, atestou Paulo Vicente dos Santos Alves, informando que a ESG &#8211; Environmental, Social and Governance (ambiental, social e governan\u00e7a), est\u00e1 chegando forte, mas ainda apresenta problemas, como a concilia\u00e7\u00e3o, por exemplo, da agenda ambiental com a agenda social.<\/p>\n\n\n\n<p>\u201cH\u00e1 uma certeza de que os investimentos sustent\u00e1veis e a agenda ESG ir\u00e3o pautar os neg\u00f3cios nos pr\u00f3ximos 30 anos, nessa transi\u00e7\u00e3o para uma economia de baixo carbono\u201d, apontou o s\u00f3cio no C\u00e2ndido de Oliveira Advogados. Segundo ele, \u201cdiante de um cen\u00e1rio de estresse e de escassez de recursos naturais, aqueles que investirem em fatores ESG estar\u00e3o se protegendo, mais bem posicionados e com melhores chances de prosperar\u201d. Para Leonardo Vitor de Paiva Freire, a ESG serve para medir potenciais riscos e oportunidades tamb\u00e9m em empresas que j\u00e1 est\u00e3o fazendo esse reposicionamento e naquelas que se colocam para servir a esse prop\u00f3sito.<\/p>\n\n\n\n<p>\u201cA governan\u00e7a global e os investimentos s\u00e3o fundamentais para a nossa retomada, n\u00e3o s\u00f3 do Rio, como hub da Am\u00e9rica Latina, mas para o nosso pa\u00eds. Afinal de contas o Rio de Janeiro \u00e9 a alma do Brasil e precisa ser bem cuidada para que possamos fazer essa retomada com seguran\u00e7a, com parcerias e com o capitalismo consciente, falado, inclusive, na COP 26\u201d, analisou o presidente do Conselho de Governan\u00e7a e Compliance da ACRJ.<\/p>\n\n\n\n<p>Para assistir a transmiss\u00e3o completa acesse o canal ACRJ Divulga no youtube <a href=\"https:\/\/www.youtube.com\/watch?v=l_9XybLVa8c\">https:\/\/www.youtube.com\/watch?v=l_9XybLVa8c<\/a><\/p>\n\n\n\n<p><\/p>\n\n\n\n<figure class=\"wp-block-image size-full\"><img fetchpriority=\"high\" decoding=\"async\" width=\"501\" height=\"179\" src=\"https:\/\/acrj.org.br\/wp-content\/uploads\/2021\/11\/image-1.png\" alt=\"\" class=\"wp-image-9667\" srcset=\"https:\/\/acrj.org.br\/wp-content\/uploads\/2021\/11\/image-1.png 501w, https:\/\/acrj.org.br\/wp-content\/uploads\/2021\/11\/image-1-300x107.png 300w\" sizes=\"(max-width: 501px) 100vw, 501px\" \/><\/figure>\n","protected":false},"excerpt":{"rendered":"<p>A proposta foi apresentada pelo presidente do Conselho Empresarial de Governan\u00e7a e Compliance da ACRJ, Humberto Mota Filho, durante reuni\u00e3o online, dia 05 de novembro.&hellip;<\/p>\n","protected":false},"author":1,"featured_media":9668,"comment_status":"closed","ping_status":"closed","sticky":false,"template":"","format":"standard","meta":{"_exactmetrics_skip_tracking":false,"_exactmetrics_sitenote_active":false,"_exactmetrics_sitenote_note":"","_exactmetrics_sitenote_category":0,"footnotes":""},"categories":[10],"tags":[],"class_list":["post-9666","post","type-post","status-publish","format-standard","has-post-thumbnail","hentry","category-noticias"],"_links":{"self":[{"href":"https:\/\/acrj.org.br\/index.php\/wp-json\/wp\/v2\/posts\/9666","targetHints":{"allow":["GET"]}}],"collection":[{"href":"https:\/\/acrj.org.br\/index.php\/wp-json\/wp\/v2\/posts"}],"about":[{"href":"https:\/\/acrj.org.br\/index.php\/wp-json\/wp\/v2\/types\/post"}],"author":[{"embeddable":true,"href":"https:\/\/acrj.org.br\/index.php\/wp-json\/wp\/v2\/users\/1"}],"replies":[{"embeddable":true,"href":"https:\/\/acrj.org.br\/index.php\/wp-json\/wp\/v2\/comments?post=9666"}],"version-history":[{"count":0,"href":"https:\/\/acrj.org.br\/index.php\/wp-json\/wp\/v2\/posts\/9666\/revisions"}],"wp:featuredmedia":[{"embeddable":true,"href":"https:\/\/acrj.org.br\/index.php\/wp-json\/wp\/v2\/media\/9668"}],"wp:attachment":[{"href":"https:\/\/acrj.org.br\/index.php\/wp-json\/wp\/v2\/media?parent=9666"}],"wp:term":[{"taxonomy":"category","embeddable":true,"href":"https:\/\/acrj.org.br\/index.php\/wp-json\/wp\/v2\/categories?post=9666"},{"taxonomy":"post_tag","embeddable":true,"href":"https:\/\/acrj.org.br\/index.php\/wp-json\/wp\/v2\/tags?post=9666"}],"curies":[{"name":"wp","href":"https:\/\/api.w.org\/{rel}","templated":true}]}}