{"id":9662,"date":"2021-11-08T13:55:00","date_gmt":"2021-11-08T16:55:00","guid":{"rendered":"https:\/\/acrj.org.br\/?p=9662"},"modified":"2021-11-10T13:45:39","modified_gmt":"2021-11-10T16:45:39","slug":"conselho-juridico-e-estrategico-realiza-primeira-reuniao-sob-nova-presidencia","status":"publish","type":"post","link":"https:\/\/acrj.org.br\/index.php\/2021\/11\/08\/conselho-juridico-e-estrategico-realiza-primeira-reuniao-sob-nova-presidencia\/","title":{"rendered":"Conselho Jur\u00eddico e Estrat\u00e9gico realiza primeira reuni\u00e3o sob nova presid\u00eancia"},"content":{"rendered":"\n<p>A reuni\u00e3o inaugural do Conselho Empresarial Jur\u00eddico e Estrat\u00e9gico da ACRJ, sob a presid\u00eancia do advogado Luiz Gustavo Bichara, foi realizada dia 29 de outubro, de forma remota. Neste primeiro encontro, ap\u00f3s as apresenta\u00e7\u00f5es individuais dos conselheiros, foram elencados temas que estar\u00e3o na pauta de debates nas pr\u00f3ximas reuni\u00f5es do Conselho.<br>Alguns deles foram destacados, como a anula\u00e7\u00e3o de algumas decis\u00f5es do Conselho de Contribuintes pela Secretaria de Fazenda do Munic\u00edpio do Rio. O conselheiro Giuseppe Melotti ser\u00e1 o relator do assunto e apresentar\u00e1 uma minuta de documento sobre o tema para ser discutido e aprovado pelos membros do Conselho na pr\u00f3xima reuni\u00e3o. Este documento com sugest\u00f5es ser\u00e1 encaminhado posteriormente ao prefeito Eduardo Paes.<br>A tributa\u00e7\u00e3o de dividendos e a PEC dos Precat\u00f3rios, dois temas relevantes para a Associa\u00e7\u00e3o Comercial, tamb\u00e9m estar\u00e3o no radar do Conselho at\u00e9 o final deste ano. Como relator, o presidente Bichara nomeou o conselheiro Rodrigo Almeida, que tamb\u00e9m produzir\u00e1 uma minuta de documento para aprecia\u00e7\u00e3o do grupo.<br>Encerrando este primeiro encontro, o presidente Bichara aceitou a sugest\u00e3o do conselheiro Daniel Homem de Carvalho de realizar a pr\u00f3xima reuni\u00e3o de forma presencial, com a presen\u00e7a do presidente da ACRJ, Jos\u00e9 Antonio do Nascimento Brito, marcando assim o in\u00edcio oficial dos trabalhos do Conselho.<\/p>\n","protected":false},"excerpt":{"rendered":"<p>A reuni\u00e3o inaugural do Conselho Empresarial Jur\u00eddico e Estrat\u00e9gico da ACRJ, sob a presid\u00eancia do advogado Luiz Gustavo Bichara, foi realizada dia 29 de outubro,&hellip;<\/p>\n","protected":false},"author":1,"featured_media":9663,"comment_status":"closed","ping_status":"open","sticky":false,"template":"","format":"standard","meta":{"_exactmetrics_skip_tracking":false,"_exactmetrics_sitenote_active":false,"_exactmetrics_sitenote_note":"","_exactmetrics_sitenote_category":0,"footnotes":""},"categories":[10],"tags":[],"class_list":["post-9662","post","type-post","status-publish","format-standard","has-post-thumbnail","hentry","category-noticias"],"_links":{"self":[{"href":"https:\/\/acrj.org.br\/index.php\/wp-json\/wp\/v2\/posts\/9662","targetHints":{"allow":["GET"]}}],"collection":[{"href":"https:\/\/acrj.org.br\/index.php\/wp-json\/wp\/v2\/posts"}],"about":[{"href":"https:\/\/acrj.org.br\/index.php\/wp-json\/wp\/v2\/types\/post"}],"author":[{"embeddable":true,"href":"https:\/\/acrj.org.br\/index.php\/wp-json\/wp\/v2\/users\/1"}],"replies":[{"embeddable":true,"href":"https:\/\/acrj.org.br\/index.php\/wp-json\/wp\/v2\/comments?post=9662"}],"version-history":[{"count":0,"href":"https:\/\/acrj.org.br\/index.php\/wp-json\/wp\/v2\/posts\/9662\/revisions"}],"wp:featuredmedia":[{"embeddable":true,"href":"https:\/\/acrj.org.br\/index.php\/wp-json\/wp\/v2\/media\/9663"}],"wp:attachment":[{"href":"https:\/\/acrj.org.br\/index.php\/wp-json\/wp\/v2\/media?parent=9662"}],"wp:term":[{"taxonomy":"category","embeddable":true,"href":"https:\/\/acrj.org.br\/index.php\/wp-json\/wp\/v2\/categories?post=9662"},{"taxonomy":"post_tag","embeddable":true,"href":"https:\/\/acrj.org.br\/index.php\/wp-json\/wp\/v2\/tags?post=9662"}],"curies":[{"name":"wp","href":"https:\/\/api.w.org\/{rel}","templated":true}]}}