{"id":9654,"date":"2021-11-04T16:22:48","date_gmt":"2021-11-04T19:22:48","guid":{"rendered":"https:\/\/acrj.org.br\/?p=9654"},"modified":"2021-11-04T16:26:58","modified_gmt":"2021-11-04T19:26:58","slug":"mercadao-de-madureira-o-maior-mercado-popular-do-brasil","status":"publish","type":"post","link":"https:\/\/acrj.org.br\/index.php\/2021\/11\/04\/mercadao-de-madureira-o-maior-mercado-popular-do-brasil\/","title":{"rendered":"Mercad\u00e3o de Madureira: o maior mercado popular do Brasil"},"content":{"rendered":"\n<p>Conhecido nacionalmente como o bairro da Portela e da Imp\u00e9rio Serrano, duas escolas de samba tradicionais do Rio de Janeiro, Madureira n\u00e3o vive s\u00f3 de batuque e festa. Abriga o Mercad\u00e3o, famoso por concentrar um grande centro de com\u00e9rcio popular, considerado o maior do pa\u00eds.<\/p>\n\n\n\n<p>Declarado Patrim\u00f4nio Imaterial do Estado do Rio de Janeiro, no fim de 2018, no Mercad\u00e3o de Madureira circulam quase diariamente 80 mil pessoas. Nos seus corredores, com 580 lojas distribu\u00eddas em 16 galerias nos dois pavimentos, o consumidor acha tudo. Desde material escolar, artigos de culto afro-brasileiro, utens\u00edlios de cozinha at\u00e9 uma sele\u00e7\u00e3o enorme de pinguins de porcelana, que servem de decora\u00e7\u00e3o nas geladeiras.<\/p>\n\n\n\n<p>E n\u00e3o para por a\u00ed. S\u00e3o encontrados todo tipo de acess\u00f3rios para noivas, por exemplo; um espa\u00e7o verde, com uma variedade imensa de plantas e ervas medicinais; v\u00e1rias lojas de cosm\u00e9ticos, presentes e fantasias; in\u00fameros brinquedos, cal\u00e7ados, bazar, descart\u00e1veis; e mercearia, a\u00e7ougue e avi\u00e1rio, entre tantas outras op\u00e7\u00f5es.<\/p>\n\n\n\n<p>O Mercad\u00e3o de Madureira, que come\u00e7ou como uma pequena feira livre em 1914, fica em uma das ruas mais movimentadas do bairro, a Avenida Ministro Edgar Romero. Vale muito a pena bater pernas por l\u00e1, mas lembre-se que \u00e9 preciso usar roupas e sapatos confort\u00e1veis e muita disposi\u00e7\u00e3o para carregar as sacolas de compras. Ningu\u00e9m consegue sair de m\u00e3os vazias.&nbsp;<\/p>\n\n\n\n<p>Para saber mais sobre o Mercad\u00e3o de Madureira, acesse o Almanaque Carioquice <a href=\"https:\/\/carioquice.insightnet.com.br\/pdf\/ALMANAQUE-CARIOQUICE-2020.pdf\">https:\/\/carioquice.insightnet.com.br\/pdf\/ALMANAQUE-CARIOQUICE-2020.pdf<\/a><\/p>\n\n\n\n<p><strong>Foto: Divulga\u00e7\u00e3o\/ICCA<\/strong><\/p>\n","protected":false},"excerpt":{"rendered":"<p>Conhecido nacionalmente como o bairro da Portela e da Imp\u00e9rio Serrano, duas escolas de samba tradicionais do Rio de Janeiro, Madureira n\u00e3o vive s\u00f3 de&hellip;<\/p>\n","protected":false},"author":1,"featured_media":9657,"comment_status":"closed","ping_status":"closed","sticky":false,"template":"","format":"standard","meta":{"_exactmetrics_skip_tracking":false,"_exactmetrics_sitenote_active":false,"_exactmetrics_sitenote_note":"","_exactmetrics_sitenote_category":0,"footnotes":""},"categories":[6],"tags":[],"class_list":["post-9654","post","type-post","status-publish","format-standard","has-post-thumbnail","hentry","category-destaque_noticias"],"_links":{"self":[{"href":"https:\/\/acrj.org.br\/index.php\/wp-json\/wp\/v2\/posts\/9654","targetHints":{"allow":["GET"]}}],"collection":[{"href":"https:\/\/acrj.org.br\/index.php\/wp-json\/wp\/v2\/posts"}],"about":[{"href":"https:\/\/acrj.org.br\/index.php\/wp-json\/wp\/v2\/types\/post"}],"author":[{"embeddable":true,"href":"https:\/\/acrj.org.br\/index.php\/wp-json\/wp\/v2\/users\/1"}],"replies":[{"embeddable":true,"href":"https:\/\/acrj.org.br\/index.php\/wp-json\/wp\/v2\/comments?post=9654"}],"version-history":[{"count":0,"href":"https:\/\/acrj.org.br\/index.php\/wp-json\/wp\/v2\/posts\/9654\/revisions"}],"wp:featuredmedia":[{"embeddable":true,"href":"https:\/\/acrj.org.br\/index.php\/wp-json\/wp\/v2\/media\/9657"}],"wp:attachment":[{"href":"https:\/\/acrj.org.br\/index.php\/wp-json\/wp\/v2\/media?parent=9654"}],"wp:term":[{"taxonomy":"category","embeddable":true,"href":"https:\/\/acrj.org.br\/index.php\/wp-json\/wp\/v2\/categories?post=9654"},{"taxonomy":"post_tag","embeddable":true,"href":"https:\/\/acrj.org.br\/index.php\/wp-json\/wp\/v2\/tags?post=9654"}],"curies":[{"name":"wp","href":"https:\/\/api.w.org\/{rel}","templated":true}]}}