{"id":9595,"date":"2021-10-25T12:08:00","date_gmt":"2021-10-25T15:08:00","guid":{"rendered":"https:\/\/acrj.org.br\/?p=9595"},"modified":"2021-10-28T16:38:43","modified_gmt":"2021-10-28T19:38:43","slug":"secretario-estadual-de-fazenda-nelson-rocha-faz-palestra-na-acrj","status":"publish","type":"post","link":"https:\/\/acrj.org.br\/index.php\/2021\/10\/25\/secretario-estadual-de-fazenda-nelson-rocha-faz-palestra-na-acrj\/","title":{"rendered":"Secret\u00e1rio estadual de Fazenda, Nelson Rocha, faz palestra na ACRJ"},"content":{"rendered":"\n<p>A situa\u00e7\u00e3o financeira e fiscal do Estado do Rio e as perspectivas para os pr\u00f3ximos anos ser\u00e3o tema da palestra do secret\u00e1rio estadual de Fazenda,&nbsp;<strong>Nelson Rocha<\/strong>. Ele participa de encontro com empres\u00e1rios&nbsp;<strong>nesta 5\u00aa feira, dia 28\/10, \u00e0s 11h, na sede da Associa\u00e7\u00e3o Comercial do Rio de Janeiro (ACRJ).<\/strong><\/p>\n","protected":false},"excerpt":{"rendered":"<p>A situa\u00e7\u00e3o financeira e fiscal do Estado do Rio e as perspectivas para os pr\u00f3ximos anos ser\u00e3o tema da palestra do secret\u00e1rio estadual de Fazenda,&nbsp;Nelson&hellip;<\/p>\n","protected":false},"author":3,"featured_media":9599,"comment_status":"closed","ping_status":"open","sticky":false,"template":"","format":"standard","meta":{"_exactmetrics_skip_tracking":false,"_exactmetrics_sitenote_active":false,"_exactmetrics_sitenote_note":"","_exactmetrics_sitenote_category":0,"footnotes":""},"categories":[16],"tags":[],"class_list":["post-9595","post","type-post","status-publish","format-standard","has-post-thumbnail","hentry","category-interno"],"_links":{"self":[{"href":"https:\/\/acrj.org.br\/index.php\/wp-json\/wp\/v2\/posts\/9595","targetHints":{"allow":["GET"]}}],"collection":[{"href":"https:\/\/acrj.org.br\/index.php\/wp-json\/wp\/v2\/posts"}],"about":[{"href":"https:\/\/acrj.org.br\/index.php\/wp-json\/wp\/v2\/types\/post"}],"author":[{"embeddable":true,"href":"https:\/\/acrj.org.br\/index.php\/wp-json\/wp\/v2\/users\/3"}],"replies":[{"embeddable":true,"href":"https:\/\/acrj.org.br\/index.php\/wp-json\/wp\/v2\/comments?post=9595"}],"version-history":[{"count":0,"href":"https:\/\/acrj.org.br\/index.php\/wp-json\/wp\/v2\/posts\/9595\/revisions"}],"wp:featuredmedia":[{"embeddable":true,"href":"https:\/\/acrj.org.br\/index.php\/wp-json\/wp\/v2\/media\/9599"}],"wp:attachment":[{"href":"https:\/\/acrj.org.br\/index.php\/wp-json\/wp\/v2\/media?parent=9595"}],"wp:term":[{"taxonomy":"category","embeddable":true,"href":"https:\/\/acrj.org.br\/index.php\/wp-json\/wp\/v2\/categories?post=9595"},{"taxonomy":"post_tag","embeddable":true,"href":"https:\/\/acrj.org.br\/index.php\/wp-json\/wp\/v2\/tags?post=9595"}],"curies":[{"name":"wp","href":"https:\/\/api.w.org\/{rel}","templated":true}]}}