{"id":9482,"date":"2021-10-19T16:29:06","date_gmt":"2021-10-19T19:29:06","guid":{"rendered":"https:\/\/acrj.org.br\/?p=9482"},"modified":"2021-10-19T16:29:07","modified_gmt":"2021-10-19T19:29:07","slug":"especialistas-acreditam-que-crescimento-global-em-2022-sera-de-4","status":"publish","type":"post","link":"https:\/\/acrj.org.br\/index.php\/2021\/10\/19\/especialistas-acreditam-que-crescimento-global-em-2022-sera-de-4\/","title":{"rendered":"Especialistas acreditam que crescimento global em 2022 ser\u00e1 de 4%"},"content":{"rendered":"\n<p>O Conselho Empresarial de Pol\u00edticas Econ\u00f4micas da ACRJ se reuniu virtualmente, dia 14 de outubro, e analisou o cen\u00e1rio de crescimento mundial para o ano que vem. Os conselheiros acreditam que a expans\u00e3o ficar\u00e1 em torno de 4%, na m\u00e9dia, proje\u00e7\u00e3o mais conservadora do que as previs\u00f5es feitas anteriormente por especialistas.<\/p>\n\n\n\n<p>Os conselheiros consideram importante estar atento ao comportamento da infla\u00e7\u00e3o, se vai subir pressionando as taxas de juros, desacelerando o crescimento, principalmente em algumas grandes pot\u00eancias, ou se estabilizar. Para eles, no geral, a tend\u00eancia \u00e9 que o cen\u00e1rio vai convergir para a normalidade. A infla\u00e7\u00e3o deve ter atingido seu pico e n\u00e3o h\u00e1 movimenta\u00e7\u00e3o dos bancos centrais ou mundiais para a tomada de a\u00e7\u00f5es mais radicais.<\/p>\n\n\n\n<p>O Conselho avaliou que os investidores t\u00eam uma vis\u00e3o negativa do Brasil por causa de uma s\u00e9rie de fatores, incluindo a crise energ\u00e9tica e a quest\u00e3o pol\u00edtica. Segundo eles, para 2022, o pa\u00eds apresenta um cen\u00e1rio com dificuldades estruturais.<\/p>\n\n\n\n<p>O embaixador Marc\u00edlio Marques Moreira, presidente do Conselho, tem esperan\u00e7a que o Brasil seja beneficiado com a melhora da conjuntura internacional. \u201cO caminho para a normalidade a n\u00edvel internacional parece ser bastante confortante para o Brasil. Isso se o pa\u00eds tiver, no m\u00ednimo, razoabilidade, bom comportamento\u201d, ressaltou.<\/p>\n\n\n\n<p>Os conselheiros refor\u00e7aram que a polariza\u00e7\u00e3o das elei\u00e7\u00f5es brasileiras em 2022 vai influenciar o grau da desacelera\u00e7\u00e3o do crescimento brasileiro no ano que vem. Haver\u00e1 ainda mais falta de confian\u00e7a do consumidor e do empreendedor.<br>O presidente da ACRJ, Jos\u00e9 Antonio do Nascimento Brito, enfatizou que est\u00e1 impressionado com o volume de demandas que a Associa\u00e7\u00e3o Comercial recebe de empresas e de setores para ajudar na busca de solu\u00e7\u00f5es para seus problemas.<\/p>\n\n\n\n<p>Sobre as quest\u00f5es pol\u00edticas, ele afirmou que o pa\u00eds vive uma fase muito dif\u00edcil. \u201cEu acho que parte da economia brasileira reflete muito essa incerteza e essa volatilidade\u201d, concluiu.<\/p>\n","protected":false},"excerpt":{"rendered":"<p>O Conselho Empresarial de Pol\u00edticas Econ\u00f4micas da ACRJ se reuniu virtualmente, dia 14 de outubro, e analisou o cen\u00e1rio de crescimento mundial para o ano&hellip;<\/p>\n","protected":false},"author":1,"featured_media":9483,"comment_status":"closed","ping_status":"closed","sticky":false,"template":"","format":"standard","meta":{"_exactmetrics_skip_tracking":false,"_exactmetrics_sitenote_active":false,"_exactmetrics_sitenote_note":"","_exactmetrics_sitenote_category":0,"footnotes":""},"categories":[10],"tags":[],"class_list":["post-9482","post","type-post","status-publish","format-standard","has-post-thumbnail","hentry","category-noticias"],"_links":{"self":[{"href":"https:\/\/acrj.org.br\/index.php\/wp-json\/wp\/v2\/posts\/9482","targetHints":{"allow":["GET"]}}],"collection":[{"href":"https:\/\/acrj.org.br\/index.php\/wp-json\/wp\/v2\/posts"}],"about":[{"href":"https:\/\/acrj.org.br\/index.php\/wp-json\/wp\/v2\/types\/post"}],"author":[{"embeddable":true,"href":"https:\/\/acrj.org.br\/index.php\/wp-json\/wp\/v2\/users\/1"}],"replies":[{"embeddable":true,"href":"https:\/\/acrj.org.br\/index.php\/wp-json\/wp\/v2\/comments?post=9482"}],"version-history":[{"count":0,"href":"https:\/\/acrj.org.br\/index.php\/wp-json\/wp\/v2\/posts\/9482\/revisions"}],"wp:featuredmedia":[{"embeddable":true,"href":"https:\/\/acrj.org.br\/index.php\/wp-json\/wp\/v2\/media\/9483"}],"wp:attachment":[{"href":"https:\/\/acrj.org.br\/index.php\/wp-json\/wp\/v2\/media?parent=9482"}],"wp:term":[{"taxonomy":"category","embeddable":true,"href":"https:\/\/acrj.org.br\/index.php\/wp-json\/wp\/v2\/categories?post=9482"},{"taxonomy":"post_tag","embeddable":true,"href":"https:\/\/acrj.org.br\/index.php\/wp-json\/wp\/v2\/tags?post=9482"}],"curies":[{"name":"wp","href":"https:\/\/api.w.org\/{rel}","templated":true}]}}