{"id":9445,"date":"2021-10-13T10:50:18","date_gmt":"2021-10-13T13:50:18","guid":{"rendered":"https:\/\/acrj.org.br\/?p=9445"},"modified":"2021-10-13T11:45:05","modified_gmt":"2021-10-13T14:45:05","slug":"prefeito-eduardo-paes-e-o-primeiro-convidado-do-retorno-do-almoco-do-empresario-da-acrj","status":"publish","type":"post","link":"https:\/\/acrj.org.br\/index.php\/2021\/10\/13\/prefeito-eduardo-paes-e-o-primeiro-convidado-do-retorno-do-almoco-do-empresario-da-acrj\/","title":{"rendered":"Prefeito Eduardo Paes \u00e9 o primeiro convidado do retorno do Almo\u00e7o do Empres\u00e1rio da ACRJ"},"content":{"rendered":"\n<p>A Associa\u00e7\u00e3o Comercial do Rio de Janeiro ser\u00e1 palco do an\u00fancio oficial da Prefeitura do Rio sobre a retomada das atividades na cidade, ap\u00f3s as restri\u00e7\u00f5es em fun\u00e7\u00e3o da Covid-19. E o Prefeito Eduardo Paes \u00e9 o convidado especial desta edi\u00e7\u00e3o do Almo\u00e7o, que acontece no pr\u00f3ximo dia 21 de outubro, ao meio-dia, ocasi\u00e3o que far\u00e1 o an\u00fancio.<\/p>\n\n\n\n<p>Esse ser\u00e1 o primeiro Almo\u00e7o do Empres\u00e1rio promovido pela ACRJ desde o in\u00edcio da pandemia. O \u00faltimo aconteceu em fevereiro de 2020.\u00a0Para a realiza\u00e7\u00e3o do evento, a ACRJ vai manter todos os protocolos de seguran\u00e7a, conforme as orienta\u00e7\u00f5es da Prefeitura.<\/p>\n\n\n\n<p>O evento conta com o patroc\u00ednio da BAT Brasil e da Fecom\u00e9rcio RJ.<\/p>\n\n\n\n<p><strong>Para adquirir seu ingresso e garantir vaga no Almo\u00e7o do Empres\u00e1rio ACRJ com o Prefeito Eduardo Paes entre em contato pelos telefones: 2514-1280 \/ 2514-1206 ou pelo email: eventos@acrj.org.br<\/strong><\/p>\n","protected":false},"excerpt":{"rendered":"<p>A Associa\u00e7\u00e3o Comercial do Rio de Janeiro ser\u00e1 palco do an\u00fancio oficial da Prefeitura do Rio sobre a retomada das atividades na cidade, ap\u00f3s as&hellip;<\/p>\n","protected":false},"author":3,"featured_media":9446,"comment_status":"closed","ping_status":"open","sticky":false,"template":"","format":"standard","meta":{"_exactmetrics_skip_tracking":false,"_exactmetrics_sitenote_active":false,"_exactmetrics_sitenote_note":"","_exactmetrics_sitenote_category":0,"footnotes":""},"categories":[6],"tags":[],"class_list":["post-9445","post","type-post","status-publish","format-standard","has-post-thumbnail","hentry","category-destaque_noticias"],"_links":{"self":[{"href":"https:\/\/acrj.org.br\/index.php\/wp-json\/wp\/v2\/posts\/9445","targetHints":{"allow":["GET"]}}],"collection":[{"href":"https:\/\/acrj.org.br\/index.php\/wp-json\/wp\/v2\/posts"}],"about":[{"href":"https:\/\/acrj.org.br\/index.php\/wp-json\/wp\/v2\/types\/post"}],"author":[{"embeddable":true,"href":"https:\/\/acrj.org.br\/index.php\/wp-json\/wp\/v2\/users\/3"}],"replies":[{"embeddable":true,"href":"https:\/\/acrj.org.br\/index.php\/wp-json\/wp\/v2\/comments?post=9445"}],"version-history":[{"count":0,"href":"https:\/\/acrj.org.br\/index.php\/wp-json\/wp\/v2\/posts\/9445\/revisions"}],"wp:featuredmedia":[{"embeddable":true,"href":"https:\/\/acrj.org.br\/index.php\/wp-json\/wp\/v2\/media\/9446"}],"wp:attachment":[{"href":"https:\/\/acrj.org.br\/index.php\/wp-json\/wp\/v2\/media?parent=9445"}],"wp:term":[{"taxonomy":"category","embeddable":true,"href":"https:\/\/acrj.org.br\/index.php\/wp-json\/wp\/v2\/categories?post=9445"},{"taxonomy":"post_tag","embeddable":true,"href":"https:\/\/acrj.org.br\/index.php\/wp-json\/wp\/v2\/tags?post=9445"}],"curies":[{"name":"wp","href":"https:\/\/api.w.org\/{rel}","templated":true}]}}