{"id":9405,"date":"2021-10-06T17:35:41","date_gmt":"2021-10-06T20:35:41","guid":{"rendered":"https:\/\/acrj.org.br\/?p=9405"},"modified":"2021-10-06T17:35:41","modified_gmt":"2021-10-06T20:35:41","slug":"conselho-de-inovacao-vai-lancar-concurso-para-projetos-que-ajudem-o-desenvolvimento-da-economia-do-rio","status":"publish","type":"post","link":"https:\/\/acrj.org.br\/index.php\/2021\/10\/06\/conselho-de-inovacao-vai-lancar-concurso-para-projetos-que-ajudem-o-desenvolvimento-da-economia-do-rio\/","title":{"rendered":"Conselho de Inova\u00e7\u00e3o vai lan\u00e7ar concurso para projetos que ajudem o desenvolvimento da economia do Rio"},"content":{"rendered":"\n<p>O presidente do Conselho Empresarial de Inova\u00e7\u00e3o, Comunica\u00e7\u00e3o e Tecnologia da ACRJ anunciou que ser\u00e1 lan\u00e7ado o Concurso 2021 de Inova\u00e7\u00e3o da Associa\u00e7\u00e3o Comercial. Caio Rain\u00e9rio adiantou que os projetos ter\u00e3o como objetivo contribuir no desenvolvimento e na transforma\u00e7\u00e3o da economia do Rio de Janeiro.<\/p>\n\n\n\n<p>Ele pediu que os conselheiros busquem empresas que possam ajudar no Concurso 2021. \u201cA finalidade \u00e9 captar projetos como um todo, que tragam solu\u00e7\u00f5es para os problemas do Rio e os causados pela pandemia, que gerem modernidade, emprego e benef\u00edcios para as pessoas, para a cidade e o estado\u201d, explicou ao adiantar ainda que haver\u00e1 certifica\u00e7\u00e3o e premia\u00e7\u00e3o aos participantes.<\/p>\n\n\n\n<p>Os conselheiros tamb\u00e9m comentaram sobre o N\u00facleo de Inova\u00e7\u00e3o, que visa consolidar projetos do Conselho de Inova\u00e7\u00e3o, Comunica\u00e7\u00e3o e Tecnologia da ACRJ e fomentar o ambiente de neg\u00f3cios do Rio de Janeiro.<\/p>\n\n\n\n<p>Durante a reuni\u00e3o, Caio Rain\u00e9rio apresentou o novo conselheiro Rodrigo Bizzo.\u00a0<\/p>\n\n\n\n<p><\/p>\n\n\n\n<figure class=\"wp-block-image size-full\"><img fetchpriority=\"high\" decoding=\"async\" width=\"711\" height=\"254\" src=\"https:\/\/acrj.org.br\/wp-content\/uploads\/2021\/10\/image-1.png\" alt=\"\" class=\"wp-image-9406\" srcset=\"https:\/\/acrj.org.br\/wp-content\/uploads\/2021\/10\/image-1.png 711w, https:\/\/acrj.org.br\/wp-content\/uploads\/2021\/10\/image-1-600x214.png 600w, https:\/\/acrj.org.br\/wp-content\/uploads\/2021\/10\/image-1-300x107.png 300w\" sizes=\"(max-width: 711px) 100vw, 711px\" \/><\/figure>\n\n\n\n<p><\/p>\n","protected":false},"excerpt":{"rendered":"<p>O presidente do Conselho Empresarial de Inova\u00e7\u00e3o, Comunica\u00e7\u00e3o e Tecnologia da ACRJ anunciou que ser\u00e1 lan\u00e7ado o Concurso 2021 de Inova\u00e7\u00e3o da Associa\u00e7\u00e3o Comercial. Caio&hellip;<\/p>\n","protected":false},"author":1,"featured_media":9407,"comment_status":"closed","ping_status":"closed","sticky":false,"template":"","format":"standard","meta":{"_exactmetrics_skip_tracking":false,"_exactmetrics_sitenote_active":false,"_exactmetrics_sitenote_note":"","_exactmetrics_sitenote_category":0,"footnotes":""},"categories":[10],"tags":[],"class_list":["post-9405","post","type-post","status-publish","format-standard","has-post-thumbnail","hentry","category-noticias"],"_links":{"self":[{"href":"https:\/\/acrj.org.br\/index.php\/wp-json\/wp\/v2\/posts\/9405","targetHints":{"allow":["GET"]}}],"collection":[{"href":"https:\/\/acrj.org.br\/index.php\/wp-json\/wp\/v2\/posts"}],"about":[{"href":"https:\/\/acrj.org.br\/index.php\/wp-json\/wp\/v2\/types\/post"}],"author":[{"embeddable":true,"href":"https:\/\/acrj.org.br\/index.php\/wp-json\/wp\/v2\/users\/1"}],"replies":[{"embeddable":true,"href":"https:\/\/acrj.org.br\/index.php\/wp-json\/wp\/v2\/comments?post=9405"}],"version-history":[{"count":0,"href":"https:\/\/acrj.org.br\/index.php\/wp-json\/wp\/v2\/posts\/9405\/revisions"}],"wp:featuredmedia":[{"embeddable":true,"href":"https:\/\/acrj.org.br\/index.php\/wp-json\/wp\/v2\/media\/9407"}],"wp:attachment":[{"href":"https:\/\/acrj.org.br\/index.php\/wp-json\/wp\/v2\/media?parent=9405"}],"wp:term":[{"taxonomy":"category","embeddable":true,"href":"https:\/\/acrj.org.br\/index.php\/wp-json\/wp\/v2\/categories?post=9405"},{"taxonomy":"post_tag","embeddable":true,"href":"https:\/\/acrj.org.br\/index.php\/wp-json\/wp\/v2\/tags?post=9405"}],"curies":[{"name":"wp","href":"https:\/\/api.w.org\/{rel}","templated":true}]}}