{"id":9401,"date":"2021-09-29T17:12:00","date_gmt":"2021-09-29T20:12:00","guid":{"rendered":"https:\/\/acrj.org.br\/?p=9401"},"modified":"2021-10-07T15:02:30","modified_gmt":"2021-10-07T18:02:30","slug":"empresa-que-realizara-o-reveillon-no-rio-sera-definida-nos-proximos-dias","status":"publish","type":"post","link":"https:\/\/acrj.org.br\/index.php\/2021\/09\/29\/empresa-que-realizara-o-reveillon-no-rio-sera-definida-nos-proximos-dias\/","title":{"rendered":"Empresa que realizar\u00e1 o R\u00e9veillon no Rio ser\u00e1 definida nos pr\u00f3ximos dias"},"content":{"rendered":"\n<p>A informa\u00e7\u00e3o foi dada pelo presidente do Conselho Empresarial de Turismo da ACRJ, Alfredo Lopes, durante reuni\u00e3o virtual com a subsecret\u00e1ria de Promo\u00e7\u00e3o e Eventos da Prefeitura do Rio, Antonia Leite Barbosa, no dia 29\/09.<\/p>\n\n\n\n<p>\u201cQuero adiantar que nos pr\u00f3ximos dias teremos a defini\u00e7\u00e3o da empresa que vai ganhar a execu\u00e7\u00e3o do r\u00e9veillon do Rio de Janeiro\u201d, comentou o presidente, refor\u00e7ando que, com o avan\u00e7o da vacina\u00e7\u00e3o contra a Covid-19, a expectativa \u00e9 que a cidade ultrapasse as restri\u00e7\u00f5es que foram feitas em fun\u00e7\u00e3o da pandemia.<\/p>\n\n\n\n<p>Tamb\u00e9m presidente do Sindicato dos Meios de Hospedagem do Munic\u00edpio e conselheiro da Associa\u00e7\u00e3o de Hot\u00e9is do Estado, Alfredo Lopes, confirmou que a hotelaria est\u00e1 otimista para esta virada do ano.<\/p>\n\n\n\n<p>\u201cFomos a primeira capital a anunciar o planejamento do primeiro r\u00e9veillon do p\u00f3s-pandemia. A comemora\u00e7\u00e3o do r\u00e9veillon nos hot\u00e9is est\u00e1 garantida, respeitando, \u00e9 claro, todos os protocolos e limita\u00e7\u00f5es exigidas pela situa\u00e7\u00e3o sanit\u00e1ria. A Barra da Tijuca, como sempre, est\u00e1 com procura aquecida, j\u00e1 que h\u00e1 anos vem se posicionando como um destino atrativo para a passagem do ano em fam\u00edlia. Teremos as tradicionais ceias e alguns hot\u00e9is j\u00e1 se preparam para realizar aquela bonita queima de fogos nas coberturas\u201d.&nbsp;<\/p>\n\n\n\n<p>O porta-voz da hotelaria lembrou, ainda, que os eventos corporativos s\u00e3o muito importantes para os hot\u00e9is, j\u00e1 que s\u00e3o respons\u00e1veis pela ocupa\u00e7\u00e3o linear e n\u00e3o dependem da sazonalidade do lazer. &#8220;Este segmento \u00e9 muito positivo para a cidade porque os visitantes consomem servi\u00e7os e produtos\u201d, ressaltou.<\/p>\n\n\n\n<p>\u201cO mercado de eventos tem uma agilidade de colocar projetos de p\u00e9 que nenhum outro tem. Estamos trabalhando para o r\u00e9veillon acontecer e para o Carnaval tamb\u00e9m. S\u00e3o projetos que requerem uma prepara\u00e7\u00e3o com muita anteced\u00eancia\u201d, garantiu Antonia Leite Barbosa.<\/p>\n\n\n\n<p>A subsecret\u00e1ria acredita que os eventos testes sejam transit\u00f3rios. \u201cEventos com testagem foi a forma mais segura que a gente encontrou. Estamos controlando a autoriza\u00e7\u00e3o, que foram seis por enquanto. E se der certo, vamos ver se autorizamos mais um lote\u201d, revelou a subsecret\u00e1ria torcendo para que \u201cdaqui um m\u00eas ou um m\u00eas e meio\u201d possa flexibilizar ainda mais. Ela refor\u00e7ou que tudo o que a Prefeitura faz \u00e9 de acordo com a \u00e1rea da sa\u00fade.<\/p>\n\n\n\n<p>Ela comentou sobre o decreto, que d\u00e1 mais agilidade e transpar\u00eancia \u00e0 emiss\u00e3o de alvar\u00e1s para eventos, publicado agora em setembro pela Prefeitura. Pelo decreto, que tem por objetivo tamb\u00e9m atrair mais investimentos e gerar desenvolvimento econ\u00f4mico para a cidade, o promotor vai efetuar o pedido no Portal Carioca Digital, solicitando o alvar\u00e1 a partir de novas regras, defini\u00e7\u00e3o de prazos administrativos mais r\u00e1pidos e regulamenta\u00e7\u00e3o de contrapartidas, entre outros.<\/p>\n\n\n\n<p>Para Antonia Leite Barbosa, o decreto \u00e9 uma vit\u00f3ria para todos e lembrou que a Prefeitura do Rio nunca foi respons\u00e1vel pelo licenciamento do Corpo de Bombeiros. O alvar\u00e1 do munic\u00edpio funcionar\u00e1 condicionado \u00e0 aprova\u00e7\u00e3o da corpora\u00e7\u00e3o, por\u00e9m, sem ficar pendente do sistema, o que facilitar\u00e1 o promotor seguir com as etapas do licenciamento sem as dificuldades anteriores.<\/p>\n\n\n\n<p>Outro tema discutido na reuni\u00e3o foi sobre a pirataria envolvendo os produtos comercializados em grandes eventos, como o Rock In Rio. O promotor de Justi\u00e7a, Marcio Almeida, que atua na Barra h\u00e1 13 anos, informou que desde 2011 desenvolveu um trabalho junto ao UFC e ao Rock In Rio para tratar do combate \u00e0 pirataria, com atua\u00e7\u00e3o preventiva e repressiva em rela\u00e7\u00e3o \u00e0 venda de produtos pirateados. O promotor observou que nos \u00faltimos anos a venda de produtos oficiais com a marca do Rock In Rio teve um aumento. \u201cAbrir o nosso olhar para ver como a gente pode contribuir para a sociedade e para esse segmento t\u00e3o importante, t\u00e3o relevante para a nossa cidade, que \u00e9 o segmento dos eventos, do turismo e da pr\u00f3pria hotelaria\u201d, afirmou.<\/p>\n\n\n\n<p><\/p>\n\n\n\n<p><\/p>\n\n\n\n<figure class=\"wp-block-image size-full\"><img fetchpriority=\"high\" decoding=\"async\" width=\"612\" height=\"355\" src=\"https:\/\/acrj.org.br\/wp-content\/uploads\/2021\/10\/image.png\" alt=\"\" class=\"wp-image-9402\" srcset=\"https:\/\/acrj.org.br\/wp-content\/uploads\/2021\/10\/image.png 612w, https:\/\/acrj.org.br\/wp-content\/uploads\/2021\/10\/image-600x348.png 600w, https:\/\/acrj.org.br\/wp-content\/uploads\/2021\/10\/image-300x174.png 300w\" sizes=\"(max-width: 612px) 100vw, 612px\" \/><\/figure>\n\n\n\n<p><\/p>\n","protected":false},"excerpt":{"rendered":"<p>A informa\u00e7\u00e3o foi dada pelo presidente do Conselho Empresarial de Turismo da ACRJ, Alfredo Lopes, durante reuni\u00e3o virtual com a subsecret\u00e1ria de Promo\u00e7\u00e3o e Eventos&hellip;<\/p>\n","protected":false},"author":1,"featured_media":9403,"comment_status":"closed","ping_status":"closed","sticky":false,"template":"","format":"standard","meta":{"_exactmetrics_skip_tracking":false,"_exactmetrics_sitenote_active":false,"_exactmetrics_sitenote_note":"","_exactmetrics_sitenote_category":0,"footnotes":""},"categories":[10],"tags":[],"class_list":["post-9401","post","type-post","status-publish","format-standard","has-post-thumbnail","hentry","category-noticias"],"_links":{"self":[{"href":"https:\/\/acrj.org.br\/index.php\/wp-json\/wp\/v2\/posts\/9401","targetHints":{"allow":["GET"]}}],"collection":[{"href":"https:\/\/acrj.org.br\/index.php\/wp-json\/wp\/v2\/posts"}],"about":[{"href":"https:\/\/acrj.org.br\/index.php\/wp-json\/wp\/v2\/types\/post"}],"author":[{"embeddable":true,"href":"https:\/\/acrj.org.br\/index.php\/wp-json\/wp\/v2\/users\/1"}],"replies":[{"embeddable":true,"href":"https:\/\/acrj.org.br\/index.php\/wp-json\/wp\/v2\/comments?post=9401"}],"version-history":[{"count":0,"href":"https:\/\/acrj.org.br\/index.php\/wp-json\/wp\/v2\/posts\/9401\/revisions"}],"wp:featuredmedia":[{"embeddable":true,"href":"https:\/\/acrj.org.br\/index.php\/wp-json\/wp\/v2\/media\/9403"}],"wp:attachment":[{"href":"https:\/\/acrj.org.br\/index.php\/wp-json\/wp\/v2\/media?parent=9401"}],"wp:term":[{"taxonomy":"category","embeddable":true,"href":"https:\/\/acrj.org.br\/index.php\/wp-json\/wp\/v2\/categories?post=9401"},{"taxonomy":"post_tag","embeddable":true,"href":"https:\/\/acrj.org.br\/index.php\/wp-json\/wp\/v2\/tags?post=9401"}],"curies":[{"name":"wp","href":"https:\/\/api.w.org\/{rel}","templated":true}]}}