{"id":9343,"date":"2021-09-29T10:49:12","date_gmt":"2021-09-29T13:49:12","guid":{"rendered":"https:\/\/acrj.org.br\/?p=9343"},"modified":"2021-09-29T10:50:32","modified_gmt":"2021-09-29T13:50:32","slug":"populacao-ganha-mais-uma-casa-de-espetaculo-com-o-lancamento-da-plataforma-palcoweb-dia-2-de-outubro","status":"publish","type":"post","link":"https:\/\/acrj.org.br\/index.php\/2021\/09\/29\/populacao-ganha-mais-uma-casa-de-espetaculo-com-o-lancamento-da-plataforma-palcoweb-dia-2-de-outubro\/","title":{"rendered":"Popula\u00e7\u00e3o ganha mais uma casa de espet\u00e1culo com o lan\u00e7amento da plataforma PalcoWeb"},"content":{"rendered":"\n<p>A novidade foi apresentada na reuni\u00e3o online do Conselho Empresarial de Educa\u00e7\u00e3o da ACRJ, dia 28 de setembro. O PalcoWeb \u00e9 uma casa de espet\u00e1culos online (streaming), que ter\u00e1 um acervo cultural com pe\u00e7as teatrais, shows e palestras, entre outras atra\u00e7\u00f5es.<\/p>\n\n\n\n<p>O conselheiro Jorge Duro, que tamb\u00e9m \u00e9 CEO da Mercadata, empresa respons\u00e1vel pelo desenvolvimento do streaming, explicou que a miss\u00e3o \u00e9 universalizar o acesso a espet\u00e1culos e palestras a um pre\u00e7o justo. \u201cOs espet\u00e1culos dispon\u00edveis poder\u00e3o ser gravados ou ao vivo e o telespectador ainda ter\u00e1 a oportunidade de interagir com os artistas, diretores, atores, produ\u00e7\u00e3o e todo o elenco, por meio da op\u00e7\u00e3o do backstage\u201d, adiantou.<\/p>\n\n\n\n<p>O presidente do Conselho, Paulo Milet, elogiou a iniciativa e considerou importante a comercializa\u00e7\u00e3o de conte\u00fado e tamb\u00e9m da ferramenta para a inclus\u00e3o de cursos na plataforma. Jorge Duro ressaltou que existe essa proposta, inclusive, de criar uma biblioteca de cursos por assinatura, servindo para a \u00e1rea educacional e para toda a popula\u00e7\u00e3o.<\/p>\n\n\n\n<p>O conselheiro destacou ainda que a casa de espet\u00e1culos \u00e9 inclusiva e que o artista ter\u00e1 um canal para promover o seu trabalho e com alcance mundial.<\/p>\n\n\n\n<p>O endere\u00e7o para acessar o streaming PalcoWeb \u00e9 <a href=\"https:\/\/www.palcoweb.com.br\">https:\/\/www.palcoweb.com.br<\/a><\/p>\n\n\n\n<p><\/p>\n\n\n\n<figure class=\"wp-block-image size-full\"><img fetchpriority=\"high\" decoding=\"async\" width=\"668\" height=\"234\" src=\"https:\/\/acrj.org.br\/wp-content\/uploads\/2021\/09\/image-4.png\" alt=\"\" class=\"wp-image-9344\" srcset=\"https:\/\/acrj.org.br\/wp-content\/uploads\/2021\/09\/image-4.png 668w, https:\/\/acrj.org.br\/wp-content\/uploads\/2021\/09\/image-4-600x210.png 600w, https:\/\/acrj.org.br\/wp-content\/uploads\/2021\/09\/image-4-300x105.png 300w\" sizes=\"(max-width: 668px) 100vw, 668px\" \/><\/figure>\n","protected":false},"excerpt":{"rendered":"<p>A novidade foi apresentada na reuni\u00e3o online do Conselho Empresarial de Educa\u00e7\u00e3o da ACRJ, dia 28 de setembro. O PalcoWeb \u00e9 uma casa de espet\u00e1culos&hellip;<\/p>\n","protected":false},"author":1,"featured_media":9345,"comment_status":"closed","ping_status":"closed","sticky":false,"template":"","format":"standard","meta":{"_exactmetrics_skip_tracking":false,"_exactmetrics_sitenote_active":false,"_exactmetrics_sitenote_note":"","_exactmetrics_sitenote_category":0,"footnotes":""},"categories":[10],"tags":[],"class_list":["post-9343","post","type-post","status-publish","format-standard","has-post-thumbnail","hentry","category-noticias"],"_links":{"self":[{"href":"https:\/\/acrj.org.br\/index.php\/wp-json\/wp\/v2\/posts\/9343","targetHints":{"allow":["GET"]}}],"collection":[{"href":"https:\/\/acrj.org.br\/index.php\/wp-json\/wp\/v2\/posts"}],"about":[{"href":"https:\/\/acrj.org.br\/index.php\/wp-json\/wp\/v2\/types\/post"}],"author":[{"embeddable":true,"href":"https:\/\/acrj.org.br\/index.php\/wp-json\/wp\/v2\/users\/1"}],"replies":[{"embeddable":true,"href":"https:\/\/acrj.org.br\/index.php\/wp-json\/wp\/v2\/comments?post=9343"}],"version-history":[{"count":0,"href":"https:\/\/acrj.org.br\/index.php\/wp-json\/wp\/v2\/posts\/9343\/revisions"}],"wp:featuredmedia":[{"embeddable":true,"href":"https:\/\/acrj.org.br\/index.php\/wp-json\/wp\/v2\/media\/9345"}],"wp:attachment":[{"href":"https:\/\/acrj.org.br\/index.php\/wp-json\/wp\/v2\/media?parent=9343"}],"wp:term":[{"taxonomy":"category","embeddable":true,"href":"https:\/\/acrj.org.br\/index.php\/wp-json\/wp\/v2\/categories?post=9343"},{"taxonomy":"post_tag","embeddable":true,"href":"https:\/\/acrj.org.br\/index.php\/wp-json\/wp\/v2\/tags?post=9343"}],"curies":[{"name":"wp","href":"https:\/\/api.w.org\/{rel}","templated":true}]}}