{"id":9339,"date":"2021-09-29T09:00:00","date_gmt":"2021-09-29T12:00:00","guid":{"rendered":"https:\/\/acrj.org.br\/?p=9339"},"modified":"2021-10-05T15:09:03","modified_gmt":"2021-10-05T18:09:03","slug":"compliance-e-integridade-publica-sao-temas-do-seminario-agenda-positiva","status":"publish","type":"post","link":"https:\/\/acrj.org.br\/index.php\/2021\/09\/29\/compliance-e-integridade-publica-sao-temas-do-seminario-agenda-positiva\/","title":{"rendered":"Compliance e integridade p\u00fablica s\u00e3o temas do semin\u00e1rio Agenda Positiva"},"content":{"rendered":"\n<p>O Conselho Empresarial de Governan\u00e7a e Compliance da ACRJ realizada o semin\u00e1rio Agenda Positiva: compliance e integridade p\u00fablica, dia 1\u00ba de outubro, \u00e0s 10 h. O encontro ser\u00e1 virtual e reunir\u00e1 o diretor de Promo\u00e7\u00e3o da Integridade na Controladoria-Geral da Uni\u00e3o; o secret\u00e1rio municipal de Governo e Integridade P\u00fablica, Marcelo Calero, e o advogado Marcelo Zenkner. O semin\u00e1rio ser\u00e1 coordenado pelo presidente do Conselho, Humberto Mota Filho.<\/p>\n\n\n\n<p>Inscri\u00e7\u00f5es aqui: <a href=\"https:\/\/us06web.zoom.us\/meeting\/register\/tZEud-ivrzkvGdT5cL2mFMXEF84h7yp_an5k\">https:\/\/us06web.zoom.us\/meeting\/register\/tZEud-ivrzkvGdT5cL2mFMXEF84h7yp_an5k<\/a><\/p>\n","protected":false},"excerpt":{"rendered":"<p>O Conselho Empresarial de Governan\u00e7a e Compliance da ACRJ realizada o semin\u00e1rio Agenda Positiva: compliance e integridade p\u00fablica, dia 1\u00ba de outubro, \u00e0s 10 h.&hellip;<\/p>\n","protected":false},"author":3,"featured_media":9392,"comment_status":"closed","ping_status":"closed","sticky":false,"template":"","format":"standard","meta":{"_exactmetrics_skip_tracking":false,"_exactmetrics_sitenote_active":false,"_exactmetrics_sitenote_note":"","_exactmetrics_sitenote_category":0,"footnotes":""},"categories":[10],"tags":[],"class_list":["post-9339","post","type-post","status-publish","format-standard","has-post-thumbnail","hentry","category-noticias"],"_links":{"self":[{"href":"https:\/\/acrj.org.br\/index.php\/wp-json\/wp\/v2\/posts\/9339","targetHints":{"allow":["GET"]}}],"collection":[{"href":"https:\/\/acrj.org.br\/index.php\/wp-json\/wp\/v2\/posts"}],"about":[{"href":"https:\/\/acrj.org.br\/index.php\/wp-json\/wp\/v2\/types\/post"}],"author":[{"embeddable":true,"href":"https:\/\/acrj.org.br\/index.php\/wp-json\/wp\/v2\/users\/3"}],"replies":[{"embeddable":true,"href":"https:\/\/acrj.org.br\/index.php\/wp-json\/wp\/v2\/comments?post=9339"}],"version-history":[{"count":0,"href":"https:\/\/acrj.org.br\/index.php\/wp-json\/wp\/v2\/posts\/9339\/revisions"}],"wp:featuredmedia":[{"embeddable":true,"href":"https:\/\/acrj.org.br\/index.php\/wp-json\/wp\/v2\/media\/9392"}],"wp:attachment":[{"href":"https:\/\/acrj.org.br\/index.php\/wp-json\/wp\/v2\/media?parent=9339"}],"wp:term":[{"taxonomy":"category","embeddable":true,"href":"https:\/\/acrj.org.br\/index.php\/wp-json\/wp\/v2\/categories?post=9339"},{"taxonomy":"post_tag","embeddable":true,"href":"https:\/\/acrj.org.br\/index.php\/wp-json\/wp\/v2\/tags?post=9339"}],"curies":[{"name":"wp","href":"https:\/\/api.w.org\/{rel}","templated":true}]}}