{"id":9305,"date":"2021-09-23T10:44:41","date_gmt":"2021-09-23T13:44:41","guid":{"rendered":"https:\/\/acrj.org.br\/?p=9305"},"modified":"2021-09-23T10:59:08","modified_gmt":"2021-09-23T13:59:08","slug":"acrj-lamenta-perda-do-empresario-armando-klabin","status":"publish","type":"post","link":"https:\/\/acrj.org.br\/index.php\/2021\/09\/23\/acrj-lamenta-perda-do-empresario-armando-klabin\/","title":{"rendered":"ACRJ lamenta perda do empres\u00e1rio Armando Klabin"},"content":{"rendered":"\n<p>A Associa\u00e7\u00e3o Comercial do Rio de Janeiro lamenta profundamente a perda do empres\u00e1rio Armando Klabin, que ocupava a presid\u00eancia do Conselho de Administra\u00e7\u00e3o da Klabin, empres\u00e1rio com relev\u00e2ncia no cen\u00e1rio nacional e do Rio de Janeiro que deixa um importante legado, n\u00e3o somente no setor empresarial, mas em sua atua\u00e7\u00e3o ligada \u00e0s causas sociais e ambientais.<\/p>\n\n\n\n<p>No Rio de Janeiro, Klabin colaborou com a vida profissional de v\u00e1rios jovens, moradores da Ilha Grande, ao participar da cria\u00e7\u00e3o e apoiar o projeto Brigada Mirim Ecol\u00f3gica da llha Grande. O projeto atende jovens de 14 a 17 anos contribuindo com sua forma\u00e7\u00e3o, por meio de atividades educacionais, sociais e ambientais, mediante a concess\u00e3o de uma bolsa aux\u00edlio. Tamb\u00e9m foi fundador das organiza\u00e7\u00f5es n\u00e3o governamentais SOS Mata Atl\u00e2ntica e SOS Pantanal.<\/p>\n\n\n\n<p>Armando Klabin era irm\u00e3o do benem\u00e9rito da ACRJ, Daniel Miguel Klabin. A diretoria da Associa\u00e7\u00e3o Comercial presta toda solidariedade \u00e0 fam\u00edlia do empres\u00e1rio neste momento.<\/p>\n","protected":false},"excerpt":{"rendered":"<p>A Associa\u00e7\u00e3o Comercial do Rio de Janeiro lamenta profundamente a perda do empres\u00e1rio Armando Klabin, que ocupava a presid\u00eancia do Conselho de Administra\u00e7\u00e3o da Klabin,&hellip;<\/p>\n","protected":false},"author":3,"featured_media":5347,"comment_status":"closed","ping_status":"open","sticky":false,"template":"","format":"standard","meta":{"_exactmetrics_skip_tracking":false,"_exactmetrics_sitenote_active":false,"_exactmetrics_sitenote_note":"","_exactmetrics_sitenote_category":0,"footnotes":""},"categories":[10],"tags":[],"class_list":["post-9305","post","type-post","status-publish","format-standard","has-post-thumbnail","hentry","category-noticias"],"_links":{"self":[{"href":"https:\/\/acrj.org.br\/index.php\/wp-json\/wp\/v2\/posts\/9305","targetHints":{"allow":["GET"]}}],"collection":[{"href":"https:\/\/acrj.org.br\/index.php\/wp-json\/wp\/v2\/posts"}],"about":[{"href":"https:\/\/acrj.org.br\/index.php\/wp-json\/wp\/v2\/types\/post"}],"author":[{"embeddable":true,"href":"https:\/\/acrj.org.br\/index.php\/wp-json\/wp\/v2\/users\/3"}],"replies":[{"embeddable":true,"href":"https:\/\/acrj.org.br\/index.php\/wp-json\/wp\/v2\/comments?post=9305"}],"version-history":[{"count":0,"href":"https:\/\/acrj.org.br\/index.php\/wp-json\/wp\/v2\/posts\/9305\/revisions"}],"wp:featuredmedia":[{"embeddable":true,"href":"https:\/\/acrj.org.br\/index.php\/wp-json\/wp\/v2\/media\/5347"}],"wp:attachment":[{"href":"https:\/\/acrj.org.br\/index.php\/wp-json\/wp\/v2\/media?parent=9305"}],"wp:term":[{"taxonomy":"category","embeddable":true,"href":"https:\/\/acrj.org.br\/index.php\/wp-json\/wp\/v2\/categories?post=9305"},{"taxonomy":"post_tag","embeddable":true,"href":"https:\/\/acrj.org.br\/index.php\/wp-json\/wp\/v2\/tags?post=9305"}],"curies":[{"name":"wp","href":"https:\/\/api.w.org\/{rel}","templated":true}]}}