{"id":9269,"date":"2021-09-20T09:00:00","date_gmt":"2021-09-20T12:00:00","guid":{"rendered":"https:\/\/acrj.org.br\/?p=9269"},"modified":"2021-09-17T13:42:01","modified_gmt":"2021-09-17T16:42:01","slug":"acrj-apoia-webinar-do-comite-de-saude-da-amcham","status":"publish","type":"post","link":"https:\/\/acrj.org.br\/index.php\/2021\/09\/20\/acrj-apoia-webinar-do-comite-de-saude-da-amcham\/","title":{"rendered":"ACRJ apoia webinar do Comit\u00ea de Sa\u00fade da Amcham"},"content":{"rendered":"\n<p>Com apoio da Associa\u00e7\u00e3o Comercial do Rio de Janeiro, o Comit\u00ea de Sa\u00fade da Amcham Brasil vai promover um webinar sobre \u201cO Dono \u00e9 o Respons\u00e1vel: O custo de sa\u00fade para as empresas\u201d. O encontro virtual ser\u00e1 no pr\u00f3ximo dia 24 de setembro, de 11h \u00e0s 12h30.<\/p>\n\n\n\n<p>O webinar ter\u00e1 como palestrante Adriano Londres, autor do livro \u201cA Culpa \u00e9 do Dono \u2013 custos de plano de sa\u00fade empresariais\u201d e como painelistas Cl\u00e1udia Danienne Marchi, CHRO &amp; Partner da Degoothi Consulting; Jo\u00e3o Carlos Regado, CEO no Grupo Assim e Pedro Almeida, s\u00f3cio no Grupo Case\/Dasa. Os moderadores ser\u00e3o Gilberto Ururahy, Chairman do Comit\u00ea de Sa\u00fade, Diretor M\u00e9dico da Med-Rio Check-Up e presidente do Conselho Empresarial de Medicina e Bem-Estar da ACRJ, e Thais Jorge, vice-chair do Comit\u00ea de Sa\u00fade e Diretora da Bradesco Sa\u00fade S\/A.<\/p>\n\n\n\n<p>As inscri\u00e7\u00f5es podem ser feitas no site da Amcham: <a href=\"https:\/\/www.amcham.com.br\/calendario\/event?eventid=14579\">https:\/\/www.amcham.com.br\/calendario\/event?eventid=14579<\/a><\/p>\n\n\n\n<p><\/p>\n","protected":false},"excerpt":{"rendered":"<p>Com apoio da Associa\u00e7\u00e3o Comercial do Rio de Janeiro, o Comit\u00ea de Sa\u00fade da Amcham Brasil vai promover um webinar sobre \u201cO Dono \u00e9 o&hellip;<\/p>\n","protected":false},"author":1,"featured_media":9270,"comment_status":"closed","ping_status":"closed","sticky":false,"template":"","format":"standard","meta":{"_exactmetrics_skip_tracking":false,"_exactmetrics_sitenote_active":false,"_exactmetrics_sitenote_note":"","_exactmetrics_sitenote_category":0,"footnotes":""},"categories":[10],"tags":[],"class_list":["post-9269","post","type-post","status-publish","format-standard","has-post-thumbnail","hentry","category-noticias"],"_links":{"self":[{"href":"https:\/\/acrj.org.br\/index.php\/wp-json\/wp\/v2\/posts\/9269","targetHints":{"allow":["GET"]}}],"collection":[{"href":"https:\/\/acrj.org.br\/index.php\/wp-json\/wp\/v2\/posts"}],"about":[{"href":"https:\/\/acrj.org.br\/index.php\/wp-json\/wp\/v2\/types\/post"}],"author":[{"embeddable":true,"href":"https:\/\/acrj.org.br\/index.php\/wp-json\/wp\/v2\/users\/1"}],"replies":[{"embeddable":true,"href":"https:\/\/acrj.org.br\/index.php\/wp-json\/wp\/v2\/comments?post=9269"}],"version-history":[{"count":0,"href":"https:\/\/acrj.org.br\/index.php\/wp-json\/wp\/v2\/posts\/9269\/revisions"}],"wp:featuredmedia":[{"embeddable":true,"href":"https:\/\/acrj.org.br\/index.php\/wp-json\/wp\/v2\/media\/9270"}],"wp:attachment":[{"href":"https:\/\/acrj.org.br\/index.php\/wp-json\/wp\/v2\/media?parent=9269"}],"wp:term":[{"taxonomy":"category","embeddable":true,"href":"https:\/\/acrj.org.br\/index.php\/wp-json\/wp\/v2\/categories?post=9269"},{"taxonomy":"post_tag","embeddable":true,"href":"https:\/\/acrj.org.br\/index.php\/wp-json\/wp\/v2\/tags?post=9269"}],"curies":[{"name":"wp","href":"https:\/\/api.w.org\/{rel}","templated":true}]}}