{"id":9259,"date":"2021-09-16T12:33:09","date_gmt":"2021-09-16T15:33:09","guid":{"rendered":"https:\/\/acrj.org.br\/?p=9259"},"modified":"2021-09-16T12:34:16","modified_gmt":"2021-09-16T15:34:16","slug":"presidente-da-frente-parlamentar-mista-brasil-competitivo-participa-de-webinar-da-acrj-dia-21-9-as-16h","status":"publish","type":"post","link":"https:\/\/acrj.org.br\/index.php\/2021\/09\/16\/presidente-da-frente-parlamentar-mista-brasil-competitivo-participa-de-webinar-da-acrj-dia-21-9-as-16h\/","title":{"rendered":"Presidente da Frente Parlamentar Mista Brasil Competitivo participa de webinar da ACRJ"},"content":{"rendered":"\n<p>O deputado Alexis Fonteyne, presidente da Frente Parlamentar Mista Brasil Competitivo, participa do webinar promovido pelo Conselho Empresarial de Competitividade e Ambiente de Neg\u00f3cios da ACRJ, dia 21 de setembro, \u00e0s 16h.&nbsp; Participam o presidente da ACRJ, Jos\u00e9 Antonio do Nascimento Brito, a presidente do Conselho, Irini Tsouroutsoglou, e o conselheiro Delcio Sandi. O deputado far\u00e1 a palestra \u201cCompetitividade: melhoria nos servi\u00e7os, investimentos e ambiente de neg\u00f3cios\u201d<\/p>\n\n\n\n<p><br>A palestra ser\u00e1 transmitida pelo Canal ACRJ Divulga no YouTube. Assista aqui:&nbsp;<a href=\"https:\/\/youtu.be\/CbrXfdm4DYg\" target=\"_blank\" rel=\"noreferrer noopener\">https:\/\/youtu.be\/CbrXfdm4DYg<\/a><\/p>\n","protected":false},"excerpt":{"rendered":"<p>O deputado Alexis Fonteyne, presidente da Frente Parlamentar Mista Brasil Competitivo, participa do webinar promovido pelo Conselho Empresarial de Competitividade e Ambiente de Neg\u00f3cios da&hellip;<\/p>\n","protected":false},"author":1,"featured_media":9260,"comment_status":"closed","ping_status":"closed","sticky":false,"template":"","format":"standard","meta":{"_exactmetrics_skip_tracking":false,"_exactmetrics_sitenote_active":false,"_exactmetrics_sitenote_note":"","_exactmetrics_sitenote_category":0,"footnotes":""},"categories":[6],"tags":[],"class_list":["post-9259","post","type-post","status-publish","format-standard","has-post-thumbnail","hentry","category-destaque_noticias"],"_links":{"self":[{"href":"https:\/\/acrj.org.br\/index.php\/wp-json\/wp\/v2\/posts\/9259","targetHints":{"allow":["GET"]}}],"collection":[{"href":"https:\/\/acrj.org.br\/index.php\/wp-json\/wp\/v2\/posts"}],"about":[{"href":"https:\/\/acrj.org.br\/index.php\/wp-json\/wp\/v2\/types\/post"}],"author":[{"embeddable":true,"href":"https:\/\/acrj.org.br\/index.php\/wp-json\/wp\/v2\/users\/1"}],"replies":[{"embeddable":true,"href":"https:\/\/acrj.org.br\/index.php\/wp-json\/wp\/v2\/comments?post=9259"}],"version-history":[{"count":0,"href":"https:\/\/acrj.org.br\/index.php\/wp-json\/wp\/v2\/posts\/9259\/revisions"}],"wp:featuredmedia":[{"embeddable":true,"href":"https:\/\/acrj.org.br\/index.php\/wp-json\/wp\/v2\/media\/9260"}],"wp:attachment":[{"href":"https:\/\/acrj.org.br\/index.php\/wp-json\/wp\/v2\/media?parent=9259"}],"wp:term":[{"taxonomy":"category","embeddable":true,"href":"https:\/\/acrj.org.br\/index.php\/wp-json\/wp\/v2\/categories?post=9259"},{"taxonomy":"post_tag","embeddable":true,"href":"https:\/\/acrj.org.br\/index.php\/wp-json\/wp\/v2\/tags?post=9259"}],"curies":[{"name":"wp","href":"https:\/\/api.w.org\/{rel}","templated":true}]}}