{"id":9202,"date":"2021-09-09T14:06:41","date_gmt":"2021-09-09T17:06:41","guid":{"rendered":"https:\/\/acrj.org.br\/?p=9202"},"modified":"2021-09-09T14:06:42","modified_gmt":"2021-09-09T17:06:42","slug":"exposicoes-literatura-e-musica-vao-constar-da-agenda-cultural-das-comemoracoes-do-bicentenario-da-independencia","status":"publish","type":"post","link":"https:\/\/acrj.org.br\/index.php\/2021\/09\/09\/exposicoes-literatura-e-musica-vao-constar-da-agenda-cultural-das-comemoracoes-do-bicentenario-da-independencia\/","title":{"rendered":"Exposi\u00e7\u00f5es, literatura e m\u00fasica v\u00e3o constar da agenda cultural das comemora\u00e7\u00f5es do Bicenten\u00e1rio da Independ\u00eancia"},"content":{"rendered":"\n<p>O Conselho Empresarial de Assuntos Culturais da ACRJ recebeu, dia 08\/09, para um encontro virtual o ministro Almir Lima do Nascimento, diretor do Instituto de Pesquisa de Rela\u00e7\u00f5es Institucionais (IPRI) da Funda\u00e7\u00e3o Alexandre de Gusm\u00e3o (FUNAG). Durante a live, ele fez uma palestra sobre \u201cO Itamaraty e o Bicenten\u00e1rio da Independ\u00eancia\u201d.<\/p>\n\n\n\n<p>O ministro explicou que a FUNAG integra o grupo de trabalho do Bicenten\u00e1rio no \u00e2mbito do Itamaraty e vem organizando uma s\u00e9rie de a\u00e7\u00f5es em n\u00edvel nacional. Ele adiantou que tamb\u00e9m est\u00e3o previstas 136 atividades em 58 pa\u00edses da Am\u00e9rica Latina e Caribe, Europa e Am\u00e9rica do Norte, \u00c1frica, \u00c1sia e do Oriente M\u00e9dio.<\/p>\n\n\n\n<p>Entre os exemplos de projetos, est\u00e3o: concertos de m\u00fasica brasileira erudita em Roma e Houston; publica\u00e7\u00e3o em Buenos Aires de quatro t\u00edtulos brasileiros da cole\u00e7\u00e3o \u201cVeredas Brasil\u201d; exposi\u00e7\u00e3o de fotografia \u201cBack to Egypt\u201d, que celebra os 150 anos da primeira viagem de D. Pedro II ao Egito; e a parceria com o Instituto Cam\u00f5es (Portugal), entre outras a\u00e7\u00f5es.<\/p>\n\n\n\n<p>\u201cEst\u00e1 sendo constru\u00edda uma parceria, entre os dois governos, com o Instituto Cam\u00f5es para que a FUNAG possa publicar, no Brasil, obras de autores portugueses relevantes para o estudo do processo de independ\u00eancia e do relacionamento bilateral\u201d, anunciou. Segundo o ministro Almir Lima do Nascimento, est\u00e3o ainda organizando um livro original sobre o tema com especialistas dos dois pa\u00edses.<\/p>\n\n\n\n<p>O presidente da ACRJ, Jos\u00e9 Antonio do Nascimento Brito, agradeceu a apresenta\u00e7\u00e3o do ministro e ressaltou que a Associa\u00e7\u00e3o Comercial est\u00e1 aberta \u00e0 participa\u00e7\u00e3o nas homenagens do Bicenten\u00e1rio. \u201cA palestra do ministro foi bastante interessante e produtiva. Esperamos fazer alguma atividade com a FUNAG, inclusive, porque a comemora\u00e7\u00e3o pelos 200 anos da Independ\u00eancia do Brasil \u00e9 um dos nossos pilares para 2022, juntamente com os&nbsp;100 anos da Semana de Arte Moderna; 30 anos da Rio 92 e Agenda Positiva, destinada aos candidatos que v\u00e3o concorrer \u00e0s elei\u00e7\u00f5es no ano que vem\u201d, destacou.<\/p>\n\n\n\n<p>\u201cVamos interagir e trabalhar junto de forma a contribuir para as a\u00e7\u00f5es em homenagem ao bicenten\u00e1rio\u201d, finalizou o presidente do Conselho, Douglas Fasolato, enaltecendo a import\u00e2ncia do Rio de Janeiro nas celebra\u00e7\u00f5es.<\/p>\n\n\n\n<figure class=\"wp-block-image size-full\"><img fetchpriority=\"high\" decoding=\"async\" width=\"725\" height=\"309\" src=\"https:\/\/acrj.org.br\/wp-content\/uploads\/2021\/09\/image-1.png\" alt=\"\" class=\"wp-image-9203\" srcset=\"https:\/\/acrj.org.br\/wp-content\/uploads\/2021\/09\/image-1.png 725w, https:\/\/acrj.org.br\/wp-content\/uploads\/2021\/09\/image-1-600x256.png 600w, https:\/\/acrj.org.br\/wp-content\/uploads\/2021\/09\/image-1-300x128.png 300w\" sizes=\"(max-width: 725px) 100vw, 725px\" \/><\/figure>\n","protected":false},"excerpt":{"rendered":"<p>O Conselho Empresarial de Assuntos Culturais da ACRJ recebeu, dia 08\/09, para um encontro virtual o ministro Almir Lima do Nascimento, diretor do Instituto de&hellip;<\/p>\n","protected":false},"author":1,"featured_media":9204,"comment_status":"closed","ping_status":"closed","sticky":false,"template":"","format":"standard","meta":{"_exactmetrics_skip_tracking":false,"_exactmetrics_sitenote_active":false,"_exactmetrics_sitenote_note":"","_exactmetrics_sitenote_category":0,"footnotes":""},"categories":[10],"tags":[],"class_list":["post-9202","post","type-post","status-publish","format-standard","has-post-thumbnail","hentry","category-noticias"],"_links":{"self":[{"href":"https:\/\/acrj.org.br\/index.php\/wp-json\/wp\/v2\/posts\/9202","targetHints":{"allow":["GET"]}}],"collection":[{"href":"https:\/\/acrj.org.br\/index.php\/wp-json\/wp\/v2\/posts"}],"about":[{"href":"https:\/\/acrj.org.br\/index.php\/wp-json\/wp\/v2\/types\/post"}],"author":[{"embeddable":true,"href":"https:\/\/acrj.org.br\/index.php\/wp-json\/wp\/v2\/users\/1"}],"replies":[{"embeddable":true,"href":"https:\/\/acrj.org.br\/index.php\/wp-json\/wp\/v2\/comments?post=9202"}],"version-history":[{"count":0,"href":"https:\/\/acrj.org.br\/index.php\/wp-json\/wp\/v2\/posts\/9202\/revisions"}],"wp:featuredmedia":[{"embeddable":true,"href":"https:\/\/acrj.org.br\/index.php\/wp-json\/wp\/v2\/media\/9204"}],"wp:attachment":[{"href":"https:\/\/acrj.org.br\/index.php\/wp-json\/wp\/v2\/media?parent=9202"}],"wp:term":[{"taxonomy":"category","embeddable":true,"href":"https:\/\/acrj.org.br\/index.php\/wp-json\/wp\/v2\/categories?post=9202"},{"taxonomy":"post_tag","embeddable":true,"href":"https:\/\/acrj.org.br\/index.php\/wp-json\/wp\/v2\/tags?post=9202"}],"curies":[{"name":"wp","href":"https:\/\/api.w.org\/{rel}","templated":true}]}}