{"id":9163,"date":"2021-09-06T10:59:00","date_gmt":"2021-09-06T13:59:00","guid":{"rendered":"https:\/\/acrj.org.br\/?p=9163"},"modified":"2021-09-06T12:53:21","modified_gmt":"2021-09-06T15:53:21","slug":"especialistas-debatem-nova-lei-de-licitacoes-em-seminario-virtual-da-acrj","status":"publish","type":"post","link":"https:\/\/acrj.org.br\/index.php\/2021\/09\/06\/especialistas-debatem-nova-lei-de-licitacoes-em-seminario-virtual-da-acrj\/","title":{"rendered":"Especialistas debatem Nova Lei de Licita\u00e7\u00f5es em semin\u00e1rio virtual da ACRJ"},"content":{"rendered":"\n<p>A \u201cGovernan\u00e7a das Contrata\u00e7\u00f5es P\u00fablicas na Nova Lei de Licita\u00e7\u00f5es\u201d foi tema do semin\u00e1rio promovido, dia 3\/9, pelo <strong>Conselho Empresarial de Governan\u00e7a e Compliance da ACRJ<\/strong>. Para os especialistas, a nova lei \u00e9 muito importante porque traz avan\u00e7os institucionais principalmente no campo das compras p\u00fablicas.<\/p>\n\n\n\n<p>Durante o encontro, o professor Jess\u00e9 Torres, comentou que a Lei 14.133\/2021, que trata das Licita\u00e7\u00f5es e Contratos Administrativos (NLL), chega com muitas novidades, como o di\u00e1logo competitivo, ou concorrencial, entre a administra\u00e7\u00e3o p\u00fablica e o mercado antes do lan\u00e7amento do edital e com licitantes previamente selecionados, uma modalidade que n\u00e3o existia nos regimes anteriores. \u201c\u00c9 uma inova\u00e7\u00e3o para a experi\u00eancia brasileira, mas n\u00e3o internacionalmente\u201d, disse. Segundo ele, h\u00e1 algumas dificuldades na implementa\u00e7\u00e3o dessa modalidade na Uni\u00e3o Europeia e no Brasil o desafio pode ser ainda maior.<\/p>\n\n\n\n<p>A advogada Tha\u00eds Mar\u00e7al lembrou a relev\u00e2ncia do saneamento no contexto da Nova Lei de Licita\u00e7\u00f5es e a alavancagem de novos neg\u00f3cios, inclusive, com obras de infraestrutura. &#8220;H\u00e1 possibilidade de alavancar investimentos importantes, j\u00e1 que temos todo um servi\u00e7o comercial que vai ser diretamente afetado. As grandes obras de infraestrutura t\u00eam a capacidade de gerar um efeito transformador da realidade local\u201d, destacou.<\/p>\n\n\n\n<p>O diretor jur\u00eddico da Construtora Queiroz Galv\u00e3o S.A., Cristiano Borges de Castilhos, disse que o sucesso da lei vai depender de todos. \u201cN\u00f3s seremos respons\u00e1veis pelo sucesso ou pelo fracasso desta lei. Os desafios s\u00e3o imensos\u201d, afirmou. Ele informou que a NLL traz prioridades, como exemplo a tramita\u00e7\u00e3o de licenciamento ambiental. E ainda explicou que se deve ter aten\u00e7\u00e3o com os projetos de engenharia, por conta dos pre\u00e7os.<\/p>\n\n\n\n<p>O presidente do Conselho, Humberto Mota Filho, refor\u00e7ou que a lei ainda \u00e9 pol\u00eamica, mas muito importante para os governos que querem comprar produtos e servi\u00e7os e para os empres\u00e1rios, pequenos e m\u00e9dios tamb\u00e9m, que vendem para as administra\u00e7\u00f5es p\u00fablicas. \u201cH\u00e1 uma s\u00e9rie de instrumentos de governan\u00e7a, ferramentas de transpar\u00eancia, de compliance, que poder\u00e3o ou n\u00e3o ser utilizadas nessa nova lei e a regulamenta\u00e7\u00e3o \u00e9 uma parte importante disso\u201d, finalizou.<\/p>\n\n\n\n<p>O semin\u00e1rio completo est\u00e1 dispon\u00edvel no Canal ACRJ Divulga, no YouTube. <strong><a href=\"https:\/\/youtu.be\/dsqqcggd3bk\">Acesse aqui<\/a><\/strong><\/p>\n\n\n\n<figure class=\"wp-block-image size-full is-resized\"><img fetchpriority=\"high\" decoding=\"async\" src=\"https:\/\/acrj.org.br\/wp-content\/uploads\/2021\/09\/CE-Complince_3_9.jpeg\" alt=\"\" class=\"wp-image-9169\" width=\"621\" height=\"268\" srcset=\"https:\/\/acrj.org.br\/wp-content\/uploads\/2021\/09\/CE-Complince_3_9.jpeg 720w, https:\/\/acrj.org.br\/wp-content\/uploads\/2021\/09\/CE-Complince_3_9-600x259.jpeg 600w, https:\/\/acrj.org.br\/wp-content\/uploads\/2021\/09\/CE-Complince_3_9-300x130.jpeg 300w\" sizes=\"(max-width: 621px) 100vw, 621px\" \/><\/figure>\n\n\n\n<p><\/p>\n","protected":false},"excerpt":{"rendered":"<p>A \u201cGovernan\u00e7a das Contrata\u00e7\u00f5es P\u00fablicas na Nova Lei de Licita\u00e7\u00f5es\u201d foi tema do semin\u00e1rio promovido, dia 3\/9, pelo Conselho Empresarial de Governan\u00e7a e Compliance da&hellip;<\/p>\n","protected":false},"author":3,"featured_media":9164,"comment_status":"closed","ping_status":"open","sticky":false,"template":"","format":"standard","meta":{"_exactmetrics_skip_tracking":false,"_exactmetrics_sitenote_active":false,"_exactmetrics_sitenote_note":"","_exactmetrics_sitenote_category":0,"footnotes":""},"categories":[10],"tags":[],"class_list":["post-9163","post","type-post","status-publish","format-standard","has-post-thumbnail","hentry","category-noticias"],"_links":{"self":[{"href":"https:\/\/acrj.org.br\/index.php\/wp-json\/wp\/v2\/posts\/9163","targetHints":{"allow":["GET"]}}],"collection":[{"href":"https:\/\/acrj.org.br\/index.php\/wp-json\/wp\/v2\/posts"}],"about":[{"href":"https:\/\/acrj.org.br\/index.php\/wp-json\/wp\/v2\/types\/post"}],"author":[{"embeddable":true,"href":"https:\/\/acrj.org.br\/index.php\/wp-json\/wp\/v2\/users\/3"}],"replies":[{"embeddable":true,"href":"https:\/\/acrj.org.br\/index.php\/wp-json\/wp\/v2\/comments?post=9163"}],"version-history":[{"count":0,"href":"https:\/\/acrj.org.br\/index.php\/wp-json\/wp\/v2\/posts\/9163\/revisions"}],"wp:featuredmedia":[{"embeddable":true,"href":"https:\/\/acrj.org.br\/index.php\/wp-json\/wp\/v2\/media\/9164"}],"wp:attachment":[{"href":"https:\/\/acrj.org.br\/index.php\/wp-json\/wp\/v2\/media?parent=9163"}],"wp:term":[{"taxonomy":"category","embeddable":true,"href":"https:\/\/acrj.org.br\/index.php\/wp-json\/wp\/v2\/categories?post=9163"},{"taxonomy":"post_tag","embeddable":true,"href":"https:\/\/acrj.org.br\/index.php\/wp-json\/wp\/v2\/tags?post=9163"}],"curies":[{"name":"wp","href":"https:\/\/api.w.org\/{rel}","templated":true}]}}