{"id":9158,"date":"2021-09-06T11:55:53","date_gmt":"2021-09-06T14:55:53","guid":{"rendered":"https:\/\/acrj.org.br\/?p=9158"},"modified":"2021-09-06T11:55:54","modified_gmt":"2021-09-06T14:55:54","slug":"conselho-de-competitividade-e-ambiente-de-negocios-tem-nova-presidente","status":"publish","type":"post","link":"https:\/\/acrj.org.br\/index.php\/2021\/09\/06\/conselho-de-competitividade-e-ambiente-de-negocios-tem-nova-presidente\/","title":{"rendered":"Conselho de Competitividade e Ambiente de Neg\u00f3cios tem nova presidente"},"content":{"rendered":"\n<p>A advogada Irini Tsouroutsoglou tomou posse na presid\u00eancia do Conselho Empresarial de Competitividade e Ambiente de Neg\u00f3cios da ACRJ, dia 6\/9, quando foi realizada a primeira reuni\u00e3o sob sua coordena\u00e7\u00e3o. O encontro foi aberto pelo 1\u00ba vice-presidente da Associa\u00e7\u00e3o Comercial, H\u00e9lio Paulo Ferraz, que tamb\u00e9m \u00e9 membro do Conselho, e representou o presidente Jos\u00e9 Antonio do Nascimento Brito. \u201cDesejo muito sucesso \u00e0 nova presidente nesta etapa do trabalho. Seu esp\u00edrito din\u00e2mico \u00e9 caracter\u00edstico dos empreendedores. Que possamos debater e encontrar respostas para os dilemas que o empreendedorismo nos imp\u00f5e\u201d, afirmou.<\/p>\n\n\n\n<p>Irini Tsouroutsoglou agradeceu a dire\u00e7\u00e3o da Casa de Mau\u00e1 pelo convite e a confian\u00e7a na indica\u00e7\u00e3o do seu nome. Tamb\u00e9m deu as boas-vindas aos novos membros. \u201cN\u00e3o medirei esfor\u00e7os para trabalhar as causas na defesa dos neg\u00f3cios e do empresariado do Rio de Janeiro. Apesar de ser carioca, a ACRJ est\u00e1 entrela\u00e7ada com a hist\u00f3ria do pa\u00eds. Me sinto honrada por ter sido escolhida para presidir este importante f\u00f3rum\u201d, disse.<\/p>\n\n\n\n<p>A presidente adiantou alguns temas e a\u00e7\u00f5es que ter\u00e3o prioridade na abordagem do Conselho, como a quest\u00e3o tribut\u00e1ria municipal e estadual; o esvaziamento do Centro do Rio; a reestrutura\u00e7\u00e3o do setor naval; a realiza\u00e7\u00e3o de eventos h\u00edbridos com a participa\u00e7\u00e3o de convidados, entre outros citados pelos conselheiros durante a reuni\u00e3o. A presidente tamb\u00e9m sugeriu, para avalia\u00e7\u00e3o dos membros, que a atua\u00e7\u00e3o do Conselho seja por setores de atividade econ\u00f4mica, mencionando alguns: constru\u00e7\u00e3o civil, bares e restaurantes, moda, shoppings centers, setor naval.<\/p>\n\n\n\n<p>A reuni\u00e3o foi encerrada com o convite para a pr\u00f3ximo encontro, que ser\u00e1 realizado dia 21 de setembro, \u00e0s 16h, e contar\u00e1 com a presen\u00e7a do deputado Alexis Fonteyne, presidente da Frente Parlamentar Mista Brasil Competitivo. Ele far\u00e1 a palestra \u201cCompetitividade: melhoria nos servi\u00e7os, investimentos e ambiente de neg\u00f3cios\u201d.<\/p>\n\n\n\n<figure class=\"wp-block-image size-large is-resized\"><img fetchpriority=\"high\" decoding=\"async\" src=\"https:\/\/acrj.org.br\/wp-content\/uploads\/2021\/09\/CE-compliance_6_9_site-1024x535.png\" alt=\"\" class=\"wp-image-9160\" width=\"478\" height=\"249\" srcset=\"https:\/\/acrj.org.br\/wp-content\/uploads\/2021\/09\/CE-compliance_6_9_site-1024x535.png 1024w, https:\/\/acrj.org.br\/wp-content\/uploads\/2021\/09\/CE-compliance_6_9_site-600x313.png 600w, https:\/\/acrj.org.br\/wp-content\/uploads\/2021\/09\/CE-compliance_6_9_site-300x157.png 300w, https:\/\/acrj.org.br\/wp-content\/uploads\/2021\/09\/CE-compliance_6_9_site-768x401.png 768w, https:\/\/acrj.org.br\/wp-content\/uploads\/2021\/09\/CE-compliance_6_9_site.png 1386w\" sizes=\"(max-width: 478px) 100vw, 478px\" \/><\/figure>\n","protected":false},"excerpt":{"rendered":"<p>A advogada Irini Tsouroutsoglou tomou posse na presid\u00eancia do Conselho Empresarial de Competitividade e Ambiente de Neg\u00f3cios da ACRJ, dia 6\/9, quando foi realizada a&hellip;<\/p>\n","protected":false},"author":3,"featured_media":9159,"comment_status":"closed","ping_status":"open","sticky":false,"template":"","format":"standard","meta":{"_exactmetrics_skip_tracking":false,"_exactmetrics_sitenote_active":false,"_exactmetrics_sitenote_note":"","_exactmetrics_sitenote_category":0,"footnotes":""},"categories":[10],"tags":[],"class_list":["post-9158","post","type-post","status-publish","format-standard","has-post-thumbnail","hentry","category-noticias"],"_links":{"self":[{"href":"https:\/\/acrj.org.br\/index.php\/wp-json\/wp\/v2\/posts\/9158","targetHints":{"allow":["GET"]}}],"collection":[{"href":"https:\/\/acrj.org.br\/index.php\/wp-json\/wp\/v2\/posts"}],"about":[{"href":"https:\/\/acrj.org.br\/index.php\/wp-json\/wp\/v2\/types\/post"}],"author":[{"embeddable":true,"href":"https:\/\/acrj.org.br\/index.php\/wp-json\/wp\/v2\/users\/3"}],"replies":[{"embeddable":true,"href":"https:\/\/acrj.org.br\/index.php\/wp-json\/wp\/v2\/comments?post=9158"}],"version-history":[{"count":0,"href":"https:\/\/acrj.org.br\/index.php\/wp-json\/wp\/v2\/posts\/9158\/revisions"}],"wp:featuredmedia":[{"embeddable":true,"href":"https:\/\/acrj.org.br\/index.php\/wp-json\/wp\/v2\/media\/9159"}],"wp:attachment":[{"href":"https:\/\/acrj.org.br\/index.php\/wp-json\/wp\/v2\/media?parent=9158"}],"wp:term":[{"taxonomy":"category","embeddable":true,"href":"https:\/\/acrj.org.br\/index.php\/wp-json\/wp\/v2\/categories?post=9158"},{"taxonomy":"post_tag","embeddable":true,"href":"https:\/\/acrj.org.br\/index.php\/wp-json\/wp\/v2\/tags?post=9158"}],"curies":[{"name":"wp","href":"https:\/\/api.w.org\/{rel}","templated":true}]}}