{"id":8959,"date":"2021-08-23T15:28:00","date_gmt":"2021-08-23T18:28:00","guid":{"rendered":"https:\/\/acrj.org.br\/?p=8959"},"modified":"2021-08-26T10:15:29","modified_gmt":"2021-08-26T13:15:29","slug":"conselho-de-politicas-economicas-da-acrj-avalia-que-economia-global-vai-desacelerar","status":"publish","type":"post","link":"https:\/\/acrj.org.br\/index.php\/2021\/08\/23\/conselho-de-politicas-economicas-da-acrj-avalia-que-economia-global-vai-desacelerar\/","title":{"rendered":"Conselho de Pol\u00edticas Econ\u00f4micas da ACRJ avalia que economia global vai desacelerar"},"content":{"rendered":"\n<p>O <strong>Conselho Empresarial de Pol\u00edticas Econ\u00f4micas da ACRJ<\/strong> se reuniu virtualmente, dia 19\/08, e fez uma an\u00e1lise da situa\u00e7\u00e3o econ\u00f4mica mundial, incluindo os \u00faltimos acontecimentos envolvendo a retirada dos Estados Unidos do Afeganist\u00e3o. Para os conselheiros, a mudan\u00e7a brusca do cen\u00e1rio tende a desacelerar a economia.<\/p>\n\n\n\n<p>\u201cO per\u00edodo de boas not\u00edcias para a economia global e tamb\u00e9m para a brasileira passou. As revis\u00f5es que estavam tendendo para um crescimento do PIB, por exemplo, v\u00e3o fazer o caminho inverso. No Brasil, a expectativa \u00e9 de infla\u00e7\u00e3o acima do previsto. Vai ser economia para baixo e juros para cima\u201d, avaliou o vice-presidente do Conselho, Alberto Furuguem.<\/p>\n\n\n\n<p>Segundo eles, a expectativa era otimista, com a previs\u00e3o do PIB americano indicava um crescimento de at\u00e9 7% e a economia chinesa mais de 6%. Com os \u00faltimos epis\u00f3dios, h\u00e1 turbul\u00eancia e pessimismo no cen\u00e1rio econ\u00f4mico global. Durante a reuni\u00e3o, comentaram sobre o ocorrido no Afeganist\u00e3o e esperam que o Talib\u00e3 atue com mais modera\u00e7\u00e3o.<\/p>\n\n\n\n<p>Outro tema avaliado pelos conselheiros foi sobre a variante Delta. Eles lembraram que as intera\u00e7\u00f5es comerciais, principalmente com os pa\u00edses menos desenvolvidos, podem ficar prejudicadas se n\u00e3o houver controle da pandemia.<\/p>\n\n\n\n<p><\/p>\n\n\n\n<figure class=\"wp-block-image size-full\"><img fetchpriority=\"high\" decoding=\"async\" width=\"466\" height=\"264\" src=\"https:\/\/acrj.org.br\/wp-content\/uploads\/2021\/08\/image-4.png\" alt=\"\" class=\"wp-image-8960\" srcset=\"https:\/\/acrj.org.br\/wp-content\/uploads\/2021\/08\/image-4.png 466w, https:\/\/acrj.org.br\/wp-content\/uploads\/2021\/08\/image-4-300x170.png 300w\" sizes=\"(max-width: 466px) 100vw, 466px\" \/><\/figure>\n","protected":false},"excerpt":{"rendered":"<p>O Conselho Empresarial de Pol\u00edticas Econ\u00f4micas da ACRJ se reuniu virtualmente, dia 19\/08, e fez uma an\u00e1lise da situa\u00e7\u00e3o econ\u00f4mica mundial, incluindo os \u00faltimos acontecimentos&hellip;<\/p>\n","protected":false},"author":1,"featured_media":8961,"comment_status":"closed","ping_status":"closed","sticky":false,"template":"","format":"standard","meta":{"_exactmetrics_skip_tracking":false,"_exactmetrics_sitenote_active":false,"_exactmetrics_sitenote_note":"","_exactmetrics_sitenote_category":0,"footnotes":""},"categories":[10],"tags":[33,32],"class_list":["post-8959","post","type-post","status-publish","format-standard","has-post-thumbnail","hentry","category-noticias","tag-economia-global","tag-politicas-economicas"],"_links":{"self":[{"href":"https:\/\/acrj.org.br\/index.php\/wp-json\/wp\/v2\/posts\/8959","targetHints":{"allow":["GET"]}}],"collection":[{"href":"https:\/\/acrj.org.br\/index.php\/wp-json\/wp\/v2\/posts"}],"about":[{"href":"https:\/\/acrj.org.br\/index.php\/wp-json\/wp\/v2\/types\/post"}],"author":[{"embeddable":true,"href":"https:\/\/acrj.org.br\/index.php\/wp-json\/wp\/v2\/users\/1"}],"replies":[{"embeddable":true,"href":"https:\/\/acrj.org.br\/index.php\/wp-json\/wp\/v2\/comments?post=8959"}],"version-history":[{"count":0,"href":"https:\/\/acrj.org.br\/index.php\/wp-json\/wp\/v2\/posts\/8959\/revisions"}],"wp:featuredmedia":[{"embeddable":true,"href":"https:\/\/acrj.org.br\/index.php\/wp-json\/wp\/v2\/media\/8961"}],"wp:attachment":[{"href":"https:\/\/acrj.org.br\/index.php\/wp-json\/wp\/v2\/media?parent=8959"}],"wp:term":[{"taxonomy":"category","embeddable":true,"href":"https:\/\/acrj.org.br\/index.php\/wp-json\/wp\/v2\/categories?post=8959"},{"taxonomy":"post_tag","embeddable":true,"href":"https:\/\/acrj.org.br\/index.php\/wp-json\/wp\/v2\/tags?post=8959"}],"curies":[{"name":"wp","href":"https:\/\/api.w.org\/{rel}","templated":true}]}}