{"id":8778,"date":"2021-08-09T09:59:00","date_gmt":"2021-08-09T12:59:00","guid":{"rendered":"https:\/\/acrj.org.br\/?p=8778"},"modified":"2023-01-06T02:30:12","modified_gmt":"2023-01-06T05:30:12","slug":"roducao-de-conhecimento-e-de-projetos-e-a-formacao-de-parcerias-sera-prioridade-da-nova-gestao-do-conselho-de-educacao","status":"publish","type":"post","link":"https:\/\/acrj.org.br\/index.php\/2021\/08\/09\/roducao-de-conhecimento-e-de-projetos-e-a-formacao-de-parcerias-sera-prioridade-da-nova-gestao-do-conselho-de-educacao\/","title":{"rendered":"Produ\u00e7\u00e3o de conhecimento e de projetos e a forma\u00e7\u00e3o de parcerias: prioridades da nova gest\u00e3o do Conselho de Educa\u00e7\u00e3o"},"content":{"rendered":"\n<p>O Conselho Empresarial de Educa\u00e7\u00e3o da ACRJ realizou sua primeira reuni\u00e3o, dia 6\/8, de forma virtual, sob a presid\u00eancia de Paulo Milet, que assumiu o cargo com a nova diretoria eleita da Associa\u00e7\u00e3o Comercial. O vice-presidente dos Conselhos Empresariais, Alberto Blois, abriu a reuni\u00e3o dando as boas-vindas aos novos membros. Depois da apresenta\u00e7\u00e3o dos conselheiros, Milet destacou as diretrizes do trabalho do Conselho, que dar\u00e1 prioridade \u00e0 produ\u00e7\u00e3o de conhecimento e de projetos e a forma\u00e7\u00e3o de parcerias com empresas e institui\u00e7\u00f5es.Tamb\u00e9m est\u00e1 na agenda, o desenvolvimento de a\u00e7\u00f5es para tr\u00eas eventos marcantes que ser\u00e3o comemorados no ano que vem: os 30 anos da Rio 92, os 200 anos da Independ\u00eancia do Brasil e os 100 anos da Semana de Arte Moderna. \u201cS\u00e3o tr\u00eas datas importantes para o Rio de Janeiro e para o Brasil e o Conselho estar\u00e1 empenhado em produzir projetos nos temas que envolvem esses eventos, entre eles, hist\u00f3ria, cultura e meio ambiente\u201d, adiantou Milet.<\/p>\n\n\n\n<p>O presidente tamb\u00e9m destacou a estreita intera\u00e7\u00e3o que o Conselho de Educa\u00e7\u00e3o ter\u00e1 com o de Inova\u00e7\u00e3o, Tecnologia e Comunica\u00e7\u00e3o, pois, segundo ele, os temas s\u00e3o complementares e devem caminhar juntos. Ele adiantou que o Conselho ter\u00e1 participa\u00e7\u00e3o em dois pain\u00e9is do Rio Info, o principal evento de tecnologia do Rio de Janeiro, que ser\u00e1 realizado em setembro. O convite foi feito pelo vice-presidente Alberto Blois, que tamb\u00e9m \u00e9 diretor geral do evento.<\/p>\n\n\n\n<p>Milet encerrou a reuni\u00e3o agradecendo a presen\u00e7a dos conselheiros e afirmando que este \u00e9 um grupo ecl\u00e9tico, com muito conhecimento. \u201cEstamos aqui para aprender, reaprender, acumular conhecimento e transformar vidas. Esse ser\u00e1 o nosso principal trabalho\u201d, concluiu. A pr\u00f3xima reuni\u00e3o ser\u00e1 realizada dia 17 de agosto.<\/p>\n\n\n\n<figure class=\"wp-block-image size-large\"><img fetchpriority=\"high\" decoding=\"async\" width=\"1024\" height=\"491\" src=\"https:\/\/acrj.org.br\/wp-content\/uploads\/2021\/08\/CE-Educacao1_9_ago-1024x491.png\" alt=\"\" class=\"wp-image-8783\" srcset=\"https:\/\/acrj.org.br\/wp-content\/uploads\/2021\/08\/CE-Educacao1_9_ago-1024x491.png 1024w, https:\/\/acrj.org.br\/wp-content\/uploads\/2021\/08\/CE-Educacao1_9_ago-600x288.png 600w, https:\/\/acrj.org.br\/wp-content\/uploads\/2021\/08\/CE-Educacao1_9_ago-300x144.png 300w, https:\/\/acrj.org.br\/wp-content\/uploads\/2021\/08\/CE-Educacao1_9_ago-768x368.png 768w, https:\/\/acrj.org.br\/wp-content\/uploads\/2021\/08\/CE-Educacao1_9_ago.png 1480w\" sizes=\"(max-width: 1024px) 100vw, 1024px\" \/><\/figure>\n","protected":false},"excerpt":{"rendered":"<p>O Conselho Empresarial de Educa\u00e7\u00e3o da ACRJ realizou sua primeira reuni\u00e3o, dia 6\/8, de forma virtual, sob a presid\u00eancia de Paulo Milet, que assumiu o&hellip;<\/p>\n","protected":false},"author":3,"featured_media":8795,"comment_status":"closed","ping_status":"closed","sticky":false,"template":"","format":"standard","meta":{"_exactmetrics_skip_tracking":false,"_exactmetrics_sitenote_active":false,"_exactmetrics_sitenote_note":"","_exactmetrics_sitenote_category":0,"footnotes":""},"categories":[10],"tags":[],"class_list":["post-8778","post","type-post","status-publish","format-standard","has-post-thumbnail","hentry","category-noticias"],"_links":{"self":[{"href":"https:\/\/acrj.org.br\/index.php\/wp-json\/wp\/v2\/posts\/8778","targetHints":{"allow":["GET"]}}],"collection":[{"href":"https:\/\/acrj.org.br\/index.php\/wp-json\/wp\/v2\/posts"}],"about":[{"href":"https:\/\/acrj.org.br\/index.php\/wp-json\/wp\/v2\/types\/post"}],"author":[{"embeddable":true,"href":"https:\/\/acrj.org.br\/index.php\/wp-json\/wp\/v2\/users\/3"}],"replies":[{"embeddable":true,"href":"https:\/\/acrj.org.br\/index.php\/wp-json\/wp\/v2\/comments?post=8778"}],"version-history":[{"count":0,"href":"https:\/\/acrj.org.br\/index.php\/wp-json\/wp\/v2\/posts\/8778\/revisions"}],"wp:featuredmedia":[{"embeddable":true,"href":"https:\/\/acrj.org.br\/index.php\/wp-json\/wp\/v2\/media\/8795"}],"wp:attachment":[{"href":"https:\/\/acrj.org.br\/index.php\/wp-json\/wp\/v2\/media?parent=8778"}],"wp:term":[{"taxonomy":"category","embeddable":true,"href":"https:\/\/acrj.org.br\/index.php\/wp-json\/wp\/v2\/categories?post=8778"},{"taxonomy":"post_tag","embeddable":true,"href":"https:\/\/acrj.org.br\/index.php\/wp-json\/wp\/v2\/tags?post=8778"}],"curies":[{"name":"wp","href":"https:\/\/api.w.org\/{rel}","templated":true}]}}