{"id":8213,"date":"2021-07-15T13:07:57","date_gmt":"2021-07-15T16:07:57","guid":{"rendered":"https:\/\/acrj.org.br\/?p=8213"},"modified":"2021-07-15T13:23:19","modified_gmt":"2021-07-15T16:23:19","slug":"acrj-comemora-212-anos","status":"publish","type":"post","link":"https:\/\/acrj.org.br\/index.php\/2021\/07\/15\/acrj-comemora-212-anos\/","title":{"rendered":"Associa\u00e7\u00e3o Comercial do Rio de Janeiro comemora 212 anos"},"content":{"rendered":"\n<p>A Associa\u00e7\u00e3o Comercial do Rio de Janeiro comemora 212 anos atuando na defesa dos interesses do empresariado e de seus associados. Conhe\u00e7a mais sobre a hist\u00f3ria da Casa de Mau\u00e1 <strong><a href=\"https:\/\/acrj.org.br\/index.php\/quem-somos\/\">aqui<\/a><\/strong> <\/p>\n","protected":false},"excerpt":{"rendered":"<p>A Associa\u00e7\u00e3o Comercial do Rio de Janeiro comemora 212 anos atuando na defesa dos interesses do empresariado e de seus associados. Conhe\u00e7a mais sobre a&hellip;<\/p>\n","protected":false},"author":3,"featured_media":8235,"comment_status":"closed","ping_status":"closed","sticky":false,"template":"","format":"standard","meta":{"_exactmetrics_skip_tracking":false,"_exactmetrics_sitenote_active":false,"_exactmetrics_sitenote_note":"","_exactmetrics_sitenote_category":0,"footnotes":""},"categories":[6],"tags":[],"class_list":["post-8213","post","type-post","status-publish","format-standard","has-post-thumbnail","hentry","category-destaque_noticias"],"_links":{"self":[{"href":"https:\/\/acrj.org.br\/index.php\/wp-json\/wp\/v2\/posts\/8213","targetHints":{"allow":["GET"]}}],"collection":[{"href":"https:\/\/acrj.org.br\/index.php\/wp-json\/wp\/v2\/posts"}],"about":[{"href":"https:\/\/acrj.org.br\/index.php\/wp-json\/wp\/v2\/types\/post"}],"author":[{"embeddable":true,"href":"https:\/\/acrj.org.br\/index.php\/wp-json\/wp\/v2\/users\/3"}],"replies":[{"embeddable":true,"href":"https:\/\/acrj.org.br\/index.php\/wp-json\/wp\/v2\/comments?post=8213"}],"version-history":[{"count":0,"href":"https:\/\/acrj.org.br\/index.php\/wp-json\/wp\/v2\/posts\/8213\/revisions"}],"wp:featuredmedia":[{"embeddable":true,"href":"https:\/\/acrj.org.br\/index.php\/wp-json\/wp\/v2\/media\/8235"}],"wp:attachment":[{"href":"https:\/\/acrj.org.br\/index.php\/wp-json\/wp\/v2\/media?parent=8213"}],"wp:term":[{"taxonomy":"category","embeddable":true,"href":"https:\/\/acrj.org.br\/index.php\/wp-json\/wp\/v2\/categories?post=8213"},{"taxonomy":"post_tag","embeddable":true,"href":"https:\/\/acrj.org.br\/index.php\/wp-json\/wp\/v2\/tags?post=8213"}],"curies":[{"name":"wp","href":"https:\/\/api.w.org\/{rel}","templated":true}]}}