{"id":8207,"date":"2021-07-14T13:03:32","date_gmt":"2021-07-14T16:03:32","guid":{"rendered":"https:\/\/acrj.org.br\/?p=8207"},"modified":"2021-07-14T13:07:20","modified_gmt":"2021-07-14T16:07:20","slug":"especialistas-do-setor-eletrico-temem-agravamento-da-crise-hidrica","status":"publish","type":"post","link":"https:\/\/acrj.org.br\/index.php\/2021\/07\/14\/especialistas-do-setor-eletrico-temem-agravamento-da-crise-hidrica\/","title":{"rendered":"Especialistas do setor el\u00e9trico temem agravamento da crise h\u00eddrica"},"content":{"rendered":"\n<p>Em reuni\u00e3o virtual do Conselho Empresarial de Energia da ACRJ, dia 01\/07, especialistas do setor el\u00e9trico disseram que est\u00e3o preocupados com a crise h\u00eddrica e com a possibilidade de um racionamento em 2022, caso o per\u00edodo das chuvas atrase e a situa\u00e7\u00e3o dos reservat\u00f3rios n\u00e3o melhorem. Luiz Eduardo Barata, ex-diretor Geral do ONS (Operador Nacional do Sistema), e Edvaldo Santana, ex-diretor da Aneel (Ag\u00eancia Nacional de Energia El\u00e9trica), foram os convidados para a palestra \u201cA crise h\u00eddrica e seus impactos no setor el\u00e9trico e na economia\u201d.<\/p>\n\n\n\n<p>\u201cA situa\u00e7\u00e3o \u00e9 complicada, mas \u00e9 diferente de 2001. O sistema era inseguro e mais barato. Hoje, o sistema \u00e9 inseguro, mas muito mais caro\u201d, afirmou Edvaldo Santana ao comparar o cen\u00e1rio daquele ano com o atual. Segundo ele, os reservat\u00f3rios tinham capacidade para segurar por um per\u00edodo de oito a nove meses, sendo que nos dias de hoje s\u00e3o suficientes por um pouco mais de quatro meses.<\/p>\n\n\n\n<p>Para Luiz Eduardo Barata, em 2001 havia gordura no segmento de consumo e houve mudan\u00e7a de h\u00e1bitos e de equipamentos, como troca de l\u00e2mpadas. \u201cHoje em dia, voc\u00ea falar em mudan\u00e7a de equipamentos me parece que o ganho dever\u00e1 ser muito pequeno porque j\u00e1 houve essa mudan\u00e7a ao longo do tempo\u201d, explicou.<\/p>\n\n\n\n<p>De acordo com ele, apesar da demora em admitir a crise, naquela \u00e9poca houve transpar\u00eancia total. \u201cN\u00e3o consigo entender como diante de uma crise as pessoas ficam tranquilas.&nbsp;Estou&nbsp;muito preocupado com o que vai acontecer porque se n\u00e3o houver muita compet\u00eancia, n\u00f3s estamos arriscados a enfrentar, em 2022, um racionamento, que hoje a gente nega e diz que n\u00e3o vai acontecer\u201d, declarou Luiz Eduardo Barata.<\/p>\n\n\n\n<p>Os especialistas informaram que a situa\u00e7\u00e3o vem se agravando a cada ano e que, al\u00e9m do reajuste das tarifas para o consumidor, o custo de contrata\u00e7\u00e3o para o cliente livre tamb\u00e9m vai aumentar.<\/p>\n\n\n\n<p>A presidente do Conselho, Joisa Dutra, enfatizou que est\u00e1 preocupada. \u201cNossa caixa de ferramentas est\u00e1 limitada para lidar com essa nova realidade\u201d, ressaltou. Ela disse que a crise ter\u00e1 efeitos e deu como exemplo a agricultura, incluindo a irriga\u00e7\u00e3o. Com isso, a tend\u00eancia \u00e9 de aumento dos pre\u00e7os dos alimentos, onerando o bolso do consumidor. \u00a0<\/p>\n\n\n\n<p>A reuni\u00e3o na \u00edntegra est\u00e1 dispon\u00edvel do Canal ACRJ Divulga. <strong><a href=\"https:\/\/www.youtube.com\/watch?v=VAOztecqH8s&amp;t=3s\">Acesse aqui<\/a><\/strong><\/p>\n\n\n\n<figure class=\"wp-block-image size-large is-resized\"><img fetchpriority=\"high\" decoding=\"async\" src=\"https:\/\/acrj.org.br\/wp-content\/uploads\/2021\/07\/CE-Energia_crise-hidrica.jpeg\" alt=\"\" class=\"wp-image-8209\" width=\"692\" height=\"152\" srcset=\"https:\/\/acrj.org.br\/wp-content\/uploads\/2021\/07\/CE-Energia_crise-hidrica.jpeg 995w, https:\/\/acrj.org.br\/wp-content\/uploads\/2021\/07\/CE-Energia_crise-hidrica-600x131.jpeg 600w, https:\/\/acrj.org.br\/wp-content\/uploads\/2021\/07\/CE-Energia_crise-hidrica-300x66.jpeg 300w, https:\/\/acrj.org.br\/wp-content\/uploads\/2021\/07\/CE-Energia_crise-hidrica-768x168.jpeg 768w\" sizes=\"(max-width: 692px) 100vw, 692px\" \/><\/figure>\n\n\n\n<p><\/p>\n","protected":false},"excerpt":{"rendered":"<p>Em reuni\u00e3o virtual do Conselho Empresarial de Energia da ACRJ, dia 01\/07, especialistas do setor el\u00e9trico disseram que est\u00e3o preocupados com a crise h\u00eddrica e&hellip;<\/p>\n","protected":false},"author":3,"featured_media":8208,"comment_status":"closed","ping_status":"closed","sticky":false,"template":"","format":"standard","meta":{"_exactmetrics_skip_tracking":false,"_exactmetrics_sitenote_active":false,"_exactmetrics_sitenote_note":"","_exactmetrics_sitenote_category":0,"footnotes":""},"categories":[10],"tags":[],"class_list":["post-8207","post","type-post","status-publish","format-standard","has-post-thumbnail","hentry","category-noticias"],"_links":{"self":[{"href":"https:\/\/acrj.org.br\/index.php\/wp-json\/wp\/v2\/posts\/8207","targetHints":{"allow":["GET"]}}],"collection":[{"href":"https:\/\/acrj.org.br\/index.php\/wp-json\/wp\/v2\/posts"}],"about":[{"href":"https:\/\/acrj.org.br\/index.php\/wp-json\/wp\/v2\/types\/post"}],"author":[{"embeddable":true,"href":"https:\/\/acrj.org.br\/index.php\/wp-json\/wp\/v2\/users\/3"}],"replies":[{"embeddable":true,"href":"https:\/\/acrj.org.br\/index.php\/wp-json\/wp\/v2\/comments?post=8207"}],"version-history":[{"count":0,"href":"https:\/\/acrj.org.br\/index.php\/wp-json\/wp\/v2\/posts\/8207\/revisions"}],"wp:featuredmedia":[{"embeddable":true,"href":"https:\/\/acrj.org.br\/index.php\/wp-json\/wp\/v2\/media\/8208"}],"wp:attachment":[{"href":"https:\/\/acrj.org.br\/index.php\/wp-json\/wp\/v2\/media?parent=8207"}],"wp:term":[{"taxonomy":"category","embeddable":true,"href":"https:\/\/acrj.org.br\/index.php\/wp-json\/wp\/v2\/categories?post=8207"},{"taxonomy":"post_tag","embeddable":true,"href":"https:\/\/acrj.org.br\/index.php\/wp-json\/wp\/v2\/tags?post=8207"}],"curies":[{"name":"wp","href":"https:\/\/api.w.org\/{rel}","templated":true}]}}