{"id":8202,"date":"2021-07-14T12:55:59","date_gmt":"2021-07-14T15:55:59","guid":{"rendered":"https:\/\/acrj.org.br\/?p=8202"},"modified":"2021-07-14T12:56:23","modified_gmt":"2021-07-14T15:56:23","slug":"presidente-da-abrace-paulo-pedrosa-afirma-que-esta-e-a-pior-crise-hidrica-do-pais-em-91-anos","status":"publish","type":"post","link":"https:\/\/acrj.org.br\/index.php\/2021\/07\/14\/presidente-da-abrace-paulo-pedrosa-afirma-que-esta-e-a-pior-crise-hidrica-do-pais-em-91-anos\/","title":{"rendered":"Presidente da Abrace afirma que esta \u00e9 a pior crise h\u00eddrica do pa\u00eds em 91 anos"},"content":{"rendered":"\n<p>A crise h\u00eddrica, a Lei do G\u00e1s e a Medida Provis\u00f3ria da Eletrobras foram alguns dos temas abordados pelo presidente da Abrace (Associa\u00e7\u00e3o Brasileira de Grandes Consumidores de Energia), Paulo Pedrosa, ao apresentar o panorama atual sobre o setor de energia no Brasil. Pedrosa participou, dia 8 de julho, da reuni\u00e3o virtual do Conselho Empresarial de Pol\u00edticas Econ\u00f4micas da ACRJ, presidido pelo embaixador Marc\u00edlio Marques Moreira.<\/p>\n\n\n\n<p>A crise h\u00eddrica \u00e9 hoje uma grande preocupa\u00e7\u00e3o do pa\u00eds e dos consumidores de energia, sejam eles residenciais, comerciais e industriais. O presidente da Abrace afirmou que esta \u00e9 a pior crise desde que as medi\u00e7\u00f5es come\u00e7aram a ser feitas, h\u00e1 91 anos. \u201cA crise h\u00eddrica \u00e9 grave. \u00c9 o pior ano, dos 91 anos de registro, agravado pela quest\u00e3o estrutural. Precisamos vencer esta crise pelo menor custo poss\u00edvel\u201d, afirmou, ressaltando que \u00e9 necess\u00e1rio adotar medidas que preservem a \u00e1gua nos reservat\u00f3rios no momento de anormalidade do nosso sistema h\u00eddrico.<\/p>\n\n\n\n<p>Paulo Pedrosa tamb\u00e9m destacou que a nova legisla\u00e7\u00e3o do g\u00e1s reflete a atua\u00e7\u00e3o de consumidores, transportadores e produtores, que se uniram pela aprova\u00e7\u00e3o do projeto. \u201cAcho muito dif\u00edcil o g\u00e1s chegar a um pre\u00e7o competitivo neste momento\u201d, acredita. Segundo ele, a redu\u00e7\u00e3o poderia acontecer mais rapidamente se grandes consumidores pudessem buscar alternativas de abastecimento, al\u00e9m das distribuidoras estaduais. \u201cMas a nova lei vai permitir o desenvolvimento desse segmento pelo mercado e pela competi\u00e7\u00e3o e n\u00e3o pela ado\u00e7\u00e3o de subs\u00eddios como \u00e9 visto em algumas divis\u00f5es do setor el\u00e9trico\u201d, acrescentou.<\/p>\n\n\n\n<p>O embaixador Marc\u00edlio destacou que al\u00e9m das crises h\u00eddrica e el\u00e9trica, o Brasil tamb\u00e9m \u201cpassa por uma crise de gest\u00e3o\u201d. \u201cEsta decorre do mais grave problema do nosso capitalismo, ou seja, a captura ou o sequestro de pol\u00edticas p\u00fablicas em benef\u00edcio de interesses pol\u00edticos e econ\u00f4micos. A MP da Eletrobras \u00e9 um exemplo disso. O Brasil parece que sempre prefere o retrocesso ao avan\u00e7o\u201d, afirmou.<\/p>\n\n\n\n<p>Na segunda parte da reuni\u00e3o, o presidente e os membros do Conselho fizeram uma an\u00e1lise sobre a conjuntura econ\u00f4mica global, destacando a situa\u00e7\u00e3o na China, Estados Unidos e Europa, e especificamente do Brasil. Marc\u00edlio Marques Moreira chamou a aten\u00e7\u00e3o para a proje\u00e7\u00e3o divulgada pelo Fundo Monet\u00e1rio Internacional (FMI) sobre o crescimento de 7% para a economia dos Estados Unidos em 2021.<\/p>\n\n\n\n<p>No Brasil, o embaixador destacou a previs\u00e3o otimista de analistas sobre o PIB, que dever\u00e1 ter um crescimento entre 5 e 6% este ano. \u201c\u00c9 algo bastante surpreendente, pelo pessimismo inicial com o resultado refletido pelo panorama negativo de 2020. Contudo, a incerteza ainda \u00e9 alta\u201d, finalizou.<\/p>\n\n\n\n<figure class=\"wp-block-image size-large is-resized\"><img fetchpriority=\"high\" decoding=\"async\" src=\"https:\/\/acrj.org.br\/wp-content\/uploads\/2021\/07\/CE-Poleco_abrace-1024x574.png\" alt=\"\" class=\"wp-image-8204\" width=\"456\" height=\"255\" srcset=\"https:\/\/acrj.org.br\/wp-content\/uploads\/2021\/07\/CE-Poleco_abrace-1024x574.png 1024w, https:\/\/acrj.org.br\/wp-content\/uploads\/2021\/07\/CE-Poleco_abrace-600x336.png 600w, https:\/\/acrj.org.br\/wp-content\/uploads\/2021\/07\/CE-Poleco_abrace-300x168.png 300w, https:\/\/acrj.org.br\/wp-content\/uploads\/2021\/07\/CE-Poleco_abrace-768x430.png 768w, https:\/\/acrj.org.br\/wp-content\/uploads\/2021\/07\/CE-Poleco_abrace.png 1462w\" sizes=\"(max-width: 456px) 100vw, 456px\" \/><\/figure>\n","protected":false},"excerpt":{"rendered":"<p>A crise h\u00eddrica, a Lei do G\u00e1s e a Medida Provis\u00f3ria da Eletrobras foram alguns dos temas abordados pelo presidente da Abrace (Associa\u00e7\u00e3o Brasileira de&hellip;<\/p>\n","protected":false},"author":3,"featured_media":8203,"comment_status":"closed","ping_status":"open","sticky":false,"template":"","format":"standard","meta":{"_exactmetrics_skip_tracking":false,"_exactmetrics_sitenote_active":false,"_exactmetrics_sitenote_note":"","_exactmetrics_sitenote_category":0,"footnotes":""},"categories":[10],"tags":[],"class_list":["post-8202","post","type-post","status-publish","format-standard","has-post-thumbnail","hentry","category-noticias"],"_links":{"self":[{"href":"https:\/\/acrj.org.br\/index.php\/wp-json\/wp\/v2\/posts\/8202","targetHints":{"allow":["GET"]}}],"collection":[{"href":"https:\/\/acrj.org.br\/index.php\/wp-json\/wp\/v2\/posts"}],"about":[{"href":"https:\/\/acrj.org.br\/index.php\/wp-json\/wp\/v2\/types\/post"}],"author":[{"embeddable":true,"href":"https:\/\/acrj.org.br\/index.php\/wp-json\/wp\/v2\/users\/3"}],"replies":[{"embeddable":true,"href":"https:\/\/acrj.org.br\/index.php\/wp-json\/wp\/v2\/comments?post=8202"}],"version-history":[{"count":0,"href":"https:\/\/acrj.org.br\/index.php\/wp-json\/wp\/v2\/posts\/8202\/revisions"}],"wp:featuredmedia":[{"embeddable":true,"href":"https:\/\/acrj.org.br\/index.php\/wp-json\/wp\/v2\/media\/8203"}],"wp:attachment":[{"href":"https:\/\/acrj.org.br\/index.php\/wp-json\/wp\/v2\/media?parent=8202"}],"wp:term":[{"taxonomy":"category","embeddable":true,"href":"https:\/\/acrj.org.br\/index.php\/wp-json\/wp\/v2\/categories?post=8202"},{"taxonomy":"post_tag","embeddable":true,"href":"https:\/\/acrj.org.br\/index.php\/wp-json\/wp\/v2\/tags?post=8202"}],"curies":[{"name":"wp","href":"https:\/\/api.w.org\/{rel}","templated":true}]}}