{"id":8191,"date":"2021-07-12T14:20:28","date_gmt":"2021-07-12T17:20:28","guid":{"rendered":"https:\/\/acrj.org.br\/?p=8191"},"modified":"2021-07-12T14:20:29","modified_gmt":"2021-07-12T17:20:29","slug":"palacio-do-itamaraty-diplomacia-carioca-no-centro-do-rio","status":"publish","type":"post","link":"https:\/\/acrj.org.br\/index.php\/2021\/07\/12\/palacio-do-itamaraty-diplomacia-carioca-no-centro-do-rio\/","title":{"rendered":"Pal\u00e1cio do Itamaraty: diplomacia carioca no Centro do Rio"},"content":{"rendered":"\n<p>A correria di\u00e1ria impede muitas vezes de conhecermos um dos mais belos espa\u00e7os hist\u00f3ricos do Rio. \u00c9 o caso do Pal\u00e1cio do Itamaraty, que fica na Avenida Marechal Floriano, n\u00famero 196, Centro, e foi sede do Minist\u00e9rio das Rela\u00e7\u00f5es Exteriores at\u00e9 1970 e que atualmente abriga o Museu Hist\u00f3rico e Diplom\u00e1tico (MHD).<\/p>\n\n\n\n<p>Com a transfer\u00eancia do Minist\u00e9rio para Bras\u00edlia, o local ficou fechado por 12 anos, at\u00e9 1982, quando foi reaberto ap\u00f3s reforma e reconstitui\u00e7\u00e3o do acervo. No MHD, que ocupa grande parte do Pal\u00e1cio, h\u00e1 valiosas pe\u00e7as, documentos e obras, que contam a hist\u00f3ria da diplomacia brasileira.<\/p>\n\n\n\n<p>Nos espa\u00e7os internos, os grandes sal\u00f5es e suas pe\u00e7as decorativas de \u00e9poca se destacam. Do lado de fora, o visitante encontra um amplo jardim, com suas palmeiras seculares e o espelho d\u2019\u00e1gua.<\/p>\n\n\n\n<p>Em fun\u00e7\u00e3o da pandemia, os interessados em conhecer o MHD devem sempre verificar os protocolos sanit\u00e1rios, os dias e hor\u00e1rios de visita\u00e7\u00e3o. Mais informa\u00e7\u00f5es do Museu Hist\u00f3rico e Diplom\u00e1tico acesse o Almanaque Carioquice <a href=\"https:\/\/carioquice.insightnet.com.br\/pdf\/ALMANAQUE-CARIOQUICE-2020.pdf\">https:\/\/carioquice.insightnet.com.br\/pdf\/ALMANAQUE-CARIOQUICE-2020.pdf<\/a><\/p>\n\n\n\n<p><strong>Foto: Divulga\u00e7\u00e3o\/ICCA<\/strong><\/p>\n","protected":false},"excerpt":{"rendered":"<p>A correria di\u00e1ria impede muitas vezes de conhecermos um dos mais belos espa\u00e7os hist\u00f3ricos do Rio. \u00c9 o caso do Pal\u00e1cio do Itamaraty, que fica&hellip;<\/p>\n","protected":false},"author":1,"featured_media":8192,"comment_status":"closed","ping_status":"closed","sticky":false,"template":"","format":"standard","meta":{"_exactmetrics_skip_tracking":false,"_exactmetrics_sitenote_active":false,"_exactmetrics_sitenote_note":"","_exactmetrics_sitenote_category":0,"footnotes":""},"categories":[6],"tags":[],"class_list":["post-8191","post","type-post","status-publish","format-standard","has-post-thumbnail","hentry","category-destaque_noticias"],"_links":{"self":[{"href":"https:\/\/acrj.org.br\/index.php\/wp-json\/wp\/v2\/posts\/8191","targetHints":{"allow":["GET"]}}],"collection":[{"href":"https:\/\/acrj.org.br\/index.php\/wp-json\/wp\/v2\/posts"}],"about":[{"href":"https:\/\/acrj.org.br\/index.php\/wp-json\/wp\/v2\/types\/post"}],"author":[{"embeddable":true,"href":"https:\/\/acrj.org.br\/index.php\/wp-json\/wp\/v2\/users\/1"}],"replies":[{"embeddable":true,"href":"https:\/\/acrj.org.br\/index.php\/wp-json\/wp\/v2\/comments?post=8191"}],"version-history":[{"count":0,"href":"https:\/\/acrj.org.br\/index.php\/wp-json\/wp\/v2\/posts\/8191\/revisions"}],"wp:featuredmedia":[{"embeddable":true,"href":"https:\/\/acrj.org.br\/index.php\/wp-json\/wp\/v2\/media\/8192"}],"wp:attachment":[{"href":"https:\/\/acrj.org.br\/index.php\/wp-json\/wp\/v2\/media?parent=8191"}],"wp:term":[{"taxonomy":"category","embeddable":true,"href":"https:\/\/acrj.org.br\/index.php\/wp-json\/wp\/v2\/categories?post=8191"},{"taxonomy":"post_tag","embeddable":true,"href":"https:\/\/acrj.org.br\/index.php\/wp-json\/wp\/v2\/tags?post=8191"}],"curies":[{"name":"wp","href":"https:\/\/api.w.org\/{rel}","templated":true}]}}