{"id":8156,"date":"2021-07-05T12:38:34","date_gmt":"2021-07-05T15:38:34","guid":{"rendered":"https:\/\/acrj.org.br\/?p=8156"},"modified":"2021-07-12T11:12:14","modified_gmt":"2021-07-12T14:12:14","slug":"diretor-presidente-da-anvisa-participa-de-live-da-acrj-dia-7-de-julho-as-11h","status":"publish","type":"post","link":"https:\/\/acrj.org.br\/index.php\/2021\/07\/05\/diretor-presidente-da-anvisa-participa-de-live-da-acrj-dia-7-de-julho-as-11h\/","title":{"rendered":"Diretor-presidente da Anvisa participa de live da ACRJ, dia 13 de julho, \u00e0s 17h"},"content":{"rendered":"\n<p>A presidente da ACRJ, Angela Costa, recebe, dia 13\/7, o diretor-presidente da Anvisa (Ag\u00eancia Nacional de Vigil\u00e2ncia Sanit\u00e1ria), Antonio Barra Torres, que far\u00e1 a palestra&nbsp;<strong>\u201cO papel da Anvisa\u201d.<\/strong>&nbsp;Ele participa da reuni\u00e3o virtual do Conselho Empresarial de Medicina e Sa\u00fade, presidido por Gilberto Ururahy. A reuni\u00e3o est\u00e1 agendada para 17h.<\/p>\n\n\n\n<p>A palestra ser\u00e1 transmitida ao vivo pelo canal ACRJ Divulga.\u00a0<\/p>\n\n\n\n<p><strong><a href=\"https:\/\/www.youtube.com\/watch?v=rLIRAAaTnCg\">ASSISTA AQUI<\/a><\/strong><\/p>\n","protected":false},"excerpt":{"rendered":"<p>A presidente da ACRJ, Angela Costa, recebe, dia 13\/7, o diretor-presidente da Anvisa (Ag\u00eancia Nacional de Vigil\u00e2ncia Sanit\u00e1ria), Antonio Barra Torres, que far\u00e1 a palestra&nbsp;\u201cO&hellip;<\/p>\n","protected":false},"author":3,"featured_media":8176,"comment_status":"closed","ping_status":"closed","sticky":false,"template":"","format":"standard","meta":{"_exactmetrics_skip_tracking":false,"_exactmetrics_sitenote_active":false,"_exactmetrics_sitenote_note":"","_exactmetrics_sitenote_category":0,"footnotes":""},"categories":[6],"tags":[],"class_list":["post-8156","post","type-post","status-publish","format-standard","has-post-thumbnail","hentry","category-destaque_noticias"],"_links":{"self":[{"href":"https:\/\/acrj.org.br\/index.php\/wp-json\/wp\/v2\/posts\/8156","targetHints":{"allow":["GET"]}}],"collection":[{"href":"https:\/\/acrj.org.br\/index.php\/wp-json\/wp\/v2\/posts"}],"about":[{"href":"https:\/\/acrj.org.br\/index.php\/wp-json\/wp\/v2\/types\/post"}],"author":[{"embeddable":true,"href":"https:\/\/acrj.org.br\/index.php\/wp-json\/wp\/v2\/users\/3"}],"replies":[{"embeddable":true,"href":"https:\/\/acrj.org.br\/index.php\/wp-json\/wp\/v2\/comments?post=8156"}],"version-history":[{"count":0,"href":"https:\/\/acrj.org.br\/index.php\/wp-json\/wp\/v2\/posts\/8156\/revisions"}],"wp:featuredmedia":[{"embeddable":true,"href":"https:\/\/acrj.org.br\/index.php\/wp-json\/wp\/v2\/media\/8176"}],"wp:attachment":[{"href":"https:\/\/acrj.org.br\/index.php\/wp-json\/wp\/v2\/media?parent=8156"}],"wp:term":[{"taxonomy":"category","embeddable":true,"href":"https:\/\/acrj.org.br\/index.php\/wp-json\/wp\/v2\/categories?post=8156"},{"taxonomy":"post_tag","embeddable":true,"href":"https:\/\/acrj.org.br\/index.php\/wp-json\/wp\/v2\/tags?post=8156"}],"curies":[{"name":"wp","href":"https:\/\/api.w.org\/{rel}","templated":true}]}}