{"id":8079,"date":"2021-06-21T14:23:50","date_gmt":"2021-06-21T17:23:50","guid":{"rendered":"https:\/\/acrj.org.br\/?p=8079"},"modified":"2021-06-25T10:07:46","modified_gmt":"2021-06-25T13:07:46","slug":"conselho-empresarial-de-competitividade-e-ambiente-de-negocios-da-acrj-lanca-revista","status":"publish","type":"post","link":"https:\/\/acrj.org.br\/index.php\/2021\/06\/21\/conselho-empresarial-de-competitividade-e-ambiente-de-negocios-da-acrj-lanca-revista\/","title":{"rendered":"Conselho Empresarial de Competitividade e Ambiente de Neg\u00f3cios da ACRJ lan\u00e7a revista"},"content":{"rendered":"\n<p>O lan\u00e7amento&nbsp;da primeira edi\u00e7\u00e3o da revista do Conselho Empresarial de Competitividade e Ambiente de Neg\u00f3cios&nbsp;foi feito pela presidente da ACRJ, Angela Costa, e pelo presidente do Conselho, Delcio Sandi, durante evento online no dia 18\/06. A publica\u00e7\u00e3o reuniu especialistas e conselheiros para debater, por meio de artigos, o tema \u201cComo melhorar a Competitividade, o Ambiente de Neg\u00f3cios e a Seguran\u00e7a P\u00fablica\u201d.<\/p>\n\n\n\n<p>Angela Costa agradeceu a todos e disse que se tratava de um dia muito especial por ser o lan\u00e7amento da revista e a \u00faltima reuni\u00e3o, com esse Conselho, j\u00e1 que no pr\u00f3ximo dia 30 termina seu mandato \u00e0 frente da presid\u00eancia da ACRJ. Para a presidente, como ressaltado na publica\u00e7\u00e3o, \u201ca palavra de ordem para os empreendedores, no atual momento, \u00e9 a capacidade de analisar cen\u00e1rios e pensar em medidas corretivas que ajustem a opera\u00e7\u00e3o \u00e0s necessidades impostas pelo mercado. Ou seja, o desafio das empresas \u00e9 se adaptar \u00e0 nova realidade\u201d.<\/p>\n\n\n\n<p>Na revista o presidente do Conselho enfatizou que \u201cempres\u00e1rios (pequenos, m\u00e9dios e grandes) se viram, da noite para o dia, diante de um cen\u00e1rio adverso, com lockdowns, mudan\u00e7as repentinas de h\u00e1bitos dos consumidores, queda de renda da popula\u00e7\u00e3o e um desalinhamento entre as gest\u00f5es municipal, estadual e federal, as quais, a exemplo do que ocorre para cumprir com o caos tribut\u00e1rio, tiveram que dedicar recursos para entender o emaranhado desencontrado de normas restritivas para operar, publicadas pelas tr\u00eas esferas. Muitos n\u00e3o sobreviveram \u2013 teriam v\u00e1rios desses continuado gerando empregos e riqueza se tiv\u00e9ssemos um melhor ambiente de neg\u00f3cios&#8221; afirmou Delcio Sandi.<\/p>\n\n\n\n<p>O vice-presidente de Rela\u00e7\u00f5es Institucionais e Conselhos Empresariais da ACRJ, Domingos Vargas, enalteceu o trabalho do Conselho Empresarial de Competitividade e Ambiente de Neg\u00f3cios, lembrando que fez grandes contribui\u00e7\u00f5es para os governos, incluindo a esfera federal.<\/p>\n\n\n\n<p>A revista contou com o patroc\u00ednio do Sebrae Rio e da BAT Brasil (antiga Souza Cruz).<\/p>\n\n\n\n<p>A revista est\u00e1 dispon\u00edvel no site da ACRJ. Acesse&nbsp;<a href=\"https:\/\/acrj.org.br\/wp-content\/uploads\/2021\/06\/Revista-CE-Competitividade-e-ambiente-de-Nego%CC%81cios-WEB.pdf\" target=\"_blank\" rel=\"noreferrer noopener\">aqui<\/a><\/p>\n","protected":false},"excerpt":{"rendered":"<p>O lan\u00e7amento&nbsp;da primeira edi\u00e7\u00e3o da revista do Conselho Empresarial de Competitividade e Ambiente de Neg\u00f3cios&nbsp;foi feito pela presidente da ACRJ, Angela Costa, e pelo presidente&hellip;<\/p>\n","protected":false},"author":1,"featured_media":8080,"comment_status":"closed","ping_status":"closed","sticky":false,"template":"","format":"standard","meta":{"_exactmetrics_skip_tracking":false,"_exactmetrics_sitenote_active":false,"_exactmetrics_sitenote_note":"","_exactmetrics_sitenote_category":0,"footnotes":""},"categories":[10],"tags":[],"class_list":["post-8079","post","type-post","status-publish","format-standard","has-post-thumbnail","hentry","category-noticias"],"_links":{"self":[{"href":"https:\/\/acrj.org.br\/index.php\/wp-json\/wp\/v2\/posts\/8079","targetHints":{"allow":["GET"]}}],"collection":[{"href":"https:\/\/acrj.org.br\/index.php\/wp-json\/wp\/v2\/posts"}],"about":[{"href":"https:\/\/acrj.org.br\/index.php\/wp-json\/wp\/v2\/types\/post"}],"author":[{"embeddable":true,"href":"https:\/\/acrj.org.br\/index.php\/wp-json\/wp\/v2\/users\/1"}],"replies":[{"embeddable":true,"href":"https:\/\/acrj.org.br\/index.php\/wp-json\/wp\/v2\/comments?post=8079"}],"version-history":[{"count":0,"href":"https:\/\/acrj.org.br\/index.php\/wp-json\/wp\/v2\/posts\/8079\/revisions"}],"wp:featuredmedia":[{"embeddable":true,"href":"https:\/\/acrj.org.br\/index.php\/wp-json\/wp\/v2\/media\/8080"}],"wp:attachment":[{"href":"https:\/\/acrj.org.br\/index.php\/wp-json\/wp\/v2\/media?parent=8079"}],"wp:term":[{"taxonomy":"category","embeddable":true,"href":"https:\/\/acrj.org.br\/index.php\/wp-json\/wp\/v2\/categories?post=8079"},{"taxonomy":"post_tag","embeddable":true,"href":"https:\/\/acrj.org.br\/index.php\/wp-json\/wp\/v2\/tags?post=8079"}],"curies":[{"name":"wp","href":"https:\/\/api.w.org\/{rel}","templated":true}]}}