{"id":7948,"date":"2021-05-25T16:34:00","date_gmt":"2021-05-25T19:34:00","guid":{"rendered":"https:\/\/acrj.org.br\/?p=7948"},"modified":"2021-06-14T16:43:47","modified_gmt":"2021-06-14T19:43:47","slug":"retomada-do-turismo-esta-prevista-para-setembro","status":"publish","type":"post","link":"https:\/\/acrj.org.br\/index.php\/2021\/05\/25\/retomada-do-turismo-esta-prevista-para-setembro\/","title":{"rendered":"Retomada do turismo est\u00e1 prevista para setembro"},"content":{"rendered":"\n<p>O presidente da Embratur, Gilson Brito, participou da reuni\u00e3o virtual do Conselho Empresarial de Turismo da ACRJ, 24\/05, e anunciou que a previs\u00e3o do retorno do setor \u00e9 para o segundo semestre de 2021. \u201cCom a vacina\u00e7\u00e3o, acredito que at\u00e9, no mais tardar, em setembro a gente tenha essa volta. Inclusive, recebi informa\u00e7\u00f5es da presidente da Riotur confirmando o r\u00e9veillon e Carnaval de 2022. Essa not\u00edcia positiva otimiza ainda mais o turismo\u201d, afirmou.<\/p>\n\n\n\n<p>Gilson Brito anunciou que haver\u00e1 espa\u00e7o diferenciado nas feiras da Embratur para o Rio de Janeiro e que est\u00e1 trabalhando com foco na cidade. Segundo ele, o turista internacional tem como primeira imagem do Brasil, o Cristo Redentor, o que \u00e9 mais um motivo para fortalecer o setor e modificar o atual cen\u00e1rio, incluindo uma forte campanha e obtendo retorno internacional.<\/p>\n\n\n\n<p>O presidente da Embratur informou que sete milh\u00f5es de turistas visitariam o Brasil em 2020, mas com a pandemia da Covid-19 mudou a estrat\u00e9gia e houve incentivo do turismo interno, com a cria\u00e7\u00e3o de uma campanha nacional.<\/p>\n\n\n\n<p>O presidente do Conselho, Alfredo Lopes, mostrou o enorme potencial do Rio de Janeiro frente ao turismo nacional e internacional, lembrando um dado relevante, ocorrido na pandemia em fevereiro deste ano. \u201cNo feriado de Carnaval, sem a realiza\u00e7\u00e3o do evento, n\u00f3s tivemos aqui quase 80% de ocupa\u00e7\u00e3o durante esse per\u00edodo, que era sabido que n\u00e3o ia ter Carnaval, ou seja, as pessoas optaram por vir ao Rio com o que a cidade pode oferecer\u201d, ressaltou.<\/p>\n\n\n\n<p><\/p>\n\n\n\n<figure class=\"wp-block-image size-large\"><img fetchpriority=\"high\" decoding=\"async\" width=\"975\" height=\"336\" src=\"https:\/\/acrj.org.br\/wp-content\/uploads\/2021\/06\/image.png\" alt=\"\" class=\"wp-image-7949\" srcset=\"https:\/\/acrj.org.br\/wp-content\/uploads\/2021\/06\/image.png 975w, https:\/\/acrj.org.br\/wp-content\/uploads\/2021\/06\/image-600x207.png 600w, https:\/\/acrj.org.br\/wp-content\/uploads\/2021\/06\/image-300x103.png 300w, https:\/\/acrj.org.br\/wp-content\/uploads\/2021\/06\/image-768x265.png 768w\" sizes=\"(max-width: 975px) 100vw, 975px\" \/><\/figure>\n\n\n\n<p><\/p>\n","protected":false},"excerpt":{"rendered":"<p>O presidente da Embratur, Gilson Brito, participou da reuni\u00e3o virtual do Conselho Empresarial de Turismo da ACRJ, 24\/05, e anunciou que a previs\u00e3o do retorno&hellip;<\/p>\n","protected":false},"author":1,"featured_media":7950,"comment_status":"closed","ping_status":"closed","sticky":false,"template":"","format":"standard","meta":{"_exactmetrics_skip_tracking":false,"_exactmetrics_sitenote_active":false,"_exactmetrics_sitenote_note":"","_exactmetrics_sitenote_category":0,"footnotes":""},"categories":[10],"tags":[],"class_list":["post-7948","post","type-post","status-publish","format-standard","has-post-thumbnail","hentry","category-noticias"],"_links":{"self":[{"href":"https:\/\/acrj.org.br\/index.php\/wp-json\/wp\/v2\/posts\/7948","targetHints":{"allow":["GET"]}}],"collection":[{"href":"https:\/\/acrj.org.br\/index.php\/wp-json\/wp\/v2\/posts"}],"about":[{"href":"https:\/\/acrj.org.br\/index.php\/wp-json\/wp\/v2\/types\/post"}],"author":[{"embeddable":true,"href":"https:\/\/acrj.org.br\/index.php\/wp-json\/wp\/v2\/users\/1"}],"replies":[{"embeddable":true,"href":"https:\/\/acrj.org.br\/index.php\/wp-json\/wp\/v2\/comments?post=7948"}],"version-history":[{"count":0,"href":"https:\/\/acrj.org.br\/index.php\/wp-json\/wp\/v2\/posts\/7948\/revisions"}],"wp:featuredmedia":[{"embeddable":true,"href":"https:\/\/acrj.org.br\/index.php\/wp-json\/wp\/v2\/media\/7950"}],"wp:attachment":[{"href":"https:\/\/acrj.org.br\/index.php\/wp-json\/wp\/v2\/media?parent=7948"}],"wp:term":[{"taxonomy":"category","embeddable":true,"href":"https:\/\/acrj.org.br\/index.php\/wp-json\/wp\/v2\/categories?post=7948"},{"taxonomy":"post_tag","embeddable":true,"href":"https:\/\/acrj.org.br\/index.php\/wp-json\/wp\/v2\/tags?post=7948"}],"curies":[{"name":"wp","href":"https:\/\/api.w.org\/{rel}","templated":true}]}}