{"id":7817,"date":"2021-06-10T09:51:00","date_gmt":"2021-06-10T12:51:00","guid":{"rendered":"https:\/\/acrj.org.br\/?p=7817"},"modified":"2021-06-18T11:19:52","modified_gmt":"2021-06-18T14:19:52","slug":"especialistas-do-brasil-e-portugal-participam-de-seminario-internacional-de-privacidade-e-protecao-de-dados-que-tem-apoio-da-acrj","status":"publish","type":"post","link":"https:\/\/acrj.org.br\/index.php\/2021\/06\/10\/especialistas-do-brasil-e-portugal-participam-de-seminario-internacional-de-privacidade-e-protecao-de-dados-que-tem-apoio-da-acrj\/","title":{"rendered":"Especialistas do Brasil e Portugal participam de Semin\u00e1rio Internacional de Privacidade e Prote\u00e7\u00e3o de Dados, que tem apoio da ACRJ"},"content":{"rendered":"\n<p>A Escola ESENI (Escola Superior de \u00c9tica Corporativa, Neg\u00f3cios e Inova\u00e7\u00e3o), o Instituto ARC (Auditoria, Riscos e Compliance) e a JURISNOVA (Associa\u00e7\u00e3o da Faculdade de Direito da Universidade Nova), com apoio da ACRJ, realizam dia 17\/06, a partir das 9h, o 1\u00ba Semin\u00e1rio Internacional de Privacidade e Prote\u00e7\u00e3o de Dados. Durante o evento totalmente online, os especialistas brasileiros e portugueses v\u00e3o discutir as melhores pr\u00e1ticas e tend\u00eancias da privacidade e da prote\u00e7\u00e3o de dados no Brasil e na Europa. Inscri\u00e7\u00f5es &nbsp;bit.ly\/sippd-2021<\/p>\n\n\n\n<p><\/p>\n","protected":false},"excerpt":{"rendered":"<p>A Escola ESENI (Escola Superior de \u00c9tica Corporativa, Neg\u00f3cios e Inova\u00e7\u00e3o), o Instituto ARC (Auditoria, Riscos e Compliance) e a JURISNOVA (Associa\u00e7\u00e3o da Faculdade de&hellip;<\/p>\n","protected":false},"author":1,"featured_media":7818,"comment_status":"closed","ping_status":"closed","sticky":false,"template":"","format":"standard","meta":{"_exactmetrics_skip_tracking":false,"_exactmetrics_sitenote_active":false,"_exactmetrics_sitenote_note":"","_exactmetrics_sitenote_category":0,"footnotes":""},"categories":[10],"tags":[],"class_list":["post-7817","post","type-post","status-publish","format-standard","has-post-thumbnail","hentry","category-noticias"],"_links":{"self":[{"href":"https:\/\/acrj.org.br\/index.php\/wp-json\/wp\/v2\/posts\/7817","targetHints":{"allow":["GET"]}}],"collection":[{"href":"https:\/\/acrj.org.br\/index.php\/wp-json\/wp\/v2\/posts"}],"about":[{"href":"https:\/\/acrj.org.br\/index.php\/wp-json\/wp\/v2\/types\/post"}],"author":[{"embeddable":true,"href":"https:\/\/acrj.org.br\/index.php\/wp-json\/wp\/v2\/users\/1"}],"replies":[{"embeddable":true,"href":"https:\/\/acrj.org.br\/index.php\/wp-json\/wp\/v2\/comments?post=7817"}],"version-history":[{"count":0,"href":"https:\/\/acrj.org.br\/index.php\/wp-json\/wp\/v2\/posts\/7817\/revisions"}],"wp:featuredmedia":[{"embeddable":true,"href":"https:\/\/acrj.org.br\/index.php\/wp-json\/wp\/v2\/media\/7818"}],"wp:attachment":[{"href":"https:\/\/acrj.org.br\/index.php\/wp-json\/wp\/v2\/media?parent=7817"}],"wp:term":[{"taxonomy":"category","embeddable":true,"href":"https:\/\/acrj.org.br\/index.php\/wp-json\/wp\/v2\/categories?post=7817"},{"taxonomy":"post_tag","embeddable":true,"href":"https:\/\/acrj.org.br\/index.php\/wp-json\/wp\/v2\/tags?post=7817"}],"curies":[{"name":"wp","href":"https:\/\/api.w.org\/{rel}","templated":true}]}}