{"id":7749,"date":"2021-05-27T17:20:00","date_gmt":"2021-05-27T20:20:00","guid":{"rendered":"https:\/\/acrj.org.br\/?p=7749"},"modified":"2021-06-02T11:11:14","modified_gmt":"2021-06-02T14:11:14","slug":"geiza-rocha-do-forum-da-alerj-participa-de-evento-virtual-na-acrj","status":"publish","type":"post","link":"https:\/\/acrj.org.br\/index.php\/2021\/05\/27\/geiza-rocha-do-forum-da-alerj-participa-de-evento-virtual-na-acrj\/","title":{"rendered":"Geiza Rocha, do F\u00f3rum da Alerj, participa de evento virtual na ACRJ"},"content":{"rendered":"\n<p>A secret\u00e1ria-geral do F\u00f3rum da Alerj de Desenvolvimento Estrat\u00e9gico do Estado do Rio de Janeiro, Geiza Rocha, far\u00e1 palestra virtual sobre \u201cRio, Estado Sustent\u00e1vel: Di\u00e1logos e Futuro\u201d durante reuni\u00e3o do Conselho Empresarial de Meio Ambiente e Desenvolvimento Urbano da ACRJ. O encontro ser\u00e1 transmitido pelo Zoom no dia 02\/06, \u00e0s 10h.<\/p>\n\n\n\n<p>Inscri\u00e7\u00f5es <a href=\"https:\/\/www.zoom.us\/meeting\/register\/tJIocOqhqzotHtXeI5PPpDrDFlLIMYYA8QXG\">Zoom<\/a><\/p>\n","protected":false},"excerpt":{"rendered":"<p>A secret\u00e1ria-geral do F\u00f3rum da Alerj de Desenvolvimento Estrat\u00e9gico do Estado do Rio de Janeiro, Geiza Rocha, far\u00e1 palestra virtual sobre \u201cRio, Estado Sustent\u00e1vel: Di\u00e1logos&hellip;<\/p>\n","protected":false},"author":1,"featured_media":7750,"comment_status":"closed","ping_status":"closed","sticky":false,"template":"","format":"standard","meta":{"_exactmetrics_skip_tracking":false,"_exactmetrics_sitenote_active":false,"_exactmetrics_sitenote_note":"","_exactmetrics_sitenote_category":0,"footnotes":""},"categories":[10],"tags":[],"class_list":["post-7749","post","type-post","status-publish","format-standard","has-post-thumbnail","hentry","category-noticias"],"_links":{"self":[{"href":"https:\/\/acrj.org.br\/index.php\/wp-json\/wp\/v2\/posts\/7749","targetHints":{"allow":["GET"]}}],"collection":[{"href":"https:\/\/acrj.org.br\/index.php\/wp-json\/wp\/v2\/posts"}],"about":[{"href":"https:\/\/acrj.org.br\/index.php\/wp-json\/wp\/v2\/types\/post"}],"author":[{"embeddable":true,"href":"https:\/\/acrj.org.br\/index.php\/wp-json\/wp\/v2\/users\/1"}],"replies":[{"embeddable":true,"href":"https:\/\/acrj.org.br\/index.php\/wp-json\/wp\/v2\/comments?post=7749"}],"version-history":[{"count":0,"href":"https:\/\/acrj.org.br\/index.php\/wp-json\/wp\/v2\/posts\/7749\/revisions"}],"wp:featuredmedia":[{"embeddable":true,"href":"https:\/\/acrj.org.br\/index.php\/wp-json\/wp\/v2\/media\/7750"}],"wp:attachment":[{"href":"https:\/\/acrj.org.br\/index.php\/wp-json\/wp\/v2\/media?parent=7749"}],"wp:term":[{"taxonomy":"category","embeddable":true,"href":"https:\/\/acrj.org.br\/index.php\/wp-json\/wp\/v2\/categories?post=7749"},{"taxonomy":"post_tag","embeddable":true,"href":"https:\/\/acrj.org.br\/index.php\/wp-json\/wp\/v2\/tags?post=7749"}],"curies":[{"name":"wp","href":"https:\/\/api.w.org\/{rel}","templated":true}]}}