{"id":7592,"date":"2021-05-13T15:18:32","date_gmt":"2021-05-13T18:18:32","guid":{"rendered":"https:\/\/acrj.org.br\/?p=7592"},"modified":"2021-05-13T16:03:06","modified_gmt":"2021-05-13T19:03:06","slug":"reabertura-de-alguns-museus-com-gestao-do-ibram-esta-prevista-a-partir-de-outubro","status":"publish","type":"post","link":"https:\/\/acrj.org.br\/index.php\/2021\/05\/13\/reabertura-de-alguns-museus-com-gestao-do-ibram-esta-prevista-a-partir-de-outubro\/","title":{"rendered":"Reabertura de alguns museus, com gest\u00e3o do Ibram, est\u00e1 prevista a partir de outubro"},"content":{"rendered":"\n<p>A informa\u00e7\u00e3o foi dada pela assessora da presid\u00eancia do Instituto Brasileiro de Museus (Ibram), Carla Cruz, durante reuni\u00e3o de lan\u00e7amento da revista do Conselho Empresarial de Assuntos Culturais da ACRJ sobre Economia Criativa, dia 12\/05 (leia mat\u00e9ria sobre a Revista <a href=\"https:\/\/acrj.org.br\/index.php\/2021\/05\/12\/revista-do-conselho-de-assuntos-culturais-e-lancada\/)\">aqui<\/a> ). \u201cEstamos sempre reavaliando esse cen\u00e1rio, mas h\u00e1 uma expectativa de alguns museus de fazer a reabertura a partir do m\u00eas de outubro\u201d, anunciou.<\/p>\n\n\n\n<p>Segundo ela, tudo isso vai depender de uma s\u00e9rie de fatores. \u201cDo percentual da popula\u00e7\u00e3o brasileira vacinada, todos os protocolos podendo ser implementados e podendo oferecer aos visitantes toda a seguran\u00e7a, importante para esse momento\u201d, complementou.<\/p>\n\n\n\n<p>Carla Cruz explicou que a pandemia da Covid-19 impactou os museus, com as visitas presenciais, e as atividades que contribuem muito para o desenvolvimento da economia local, como as cafeterias, as lojinhas etc. A assessora lembrou que, com a crise sanit\u00e1ria, houve uma readapta\u00e7\u00e3o e os museus puderam permanecer ativos de maneira virtual.<\/p>\n\n\n\n<p>De acordo com ela, o Ibram est\u00e1 desenvolvendo projetos voltados para a promo\u00e7\u00e3o e difus\u00e3o de acervos dos museus brasileiros, por meio de plataformas virtuais e canais televisivos abertos. Al\u00e9m disso, a assessora disse que foi feita uma parceria com o Instituto Cultural do Google, por meio da inser\u00e7\u00e3o de Museus Ibram na p\u00e1gina da plataforma Google Arts &amp; Culture.<\/p>\n\n\n\n<p>Entre os museus administrados pelo Ibram est\u00e3o o Museu Imperial, o Nacional de Belas Artes, Hist\u00f3rico Nacional e da Rep\u00fablica.<\/p>\n\n\n\n<p>As presidentes da ACRJ, Angela Costa, e do Conselho Empresarial de Assuntos Culturais da Associa\u00e7\u00e3o Comercial, Vera Tostes, agradeceram a Carla Cruz e comentaram que as iniciativas s\u00e3o importantes para o setor cultura.<\/p>\n\n\n\n<p>Foto: Ibram<\/p>\n","protected":false},"excerpt":{"rendered":"<p>A informa\u00e7\u00e3o foi dada pela assessora da presid\u00eancia do Instituto Brasileiro de Museus (Ibram), Carla Cruz, durante reuni\u00e3o de lan\u00e7amento da revista do Conselho Empresarial&hellip;<\/p>\n","protected":false},"author":1,"featured_media":7597,"comment_status":"closed","ping_status":"closed","sticky":false,"template":"","format":"standard","meta":{"_exactmetrics_skip_tracking":false,"_exactmetrics_sitenote_active":false,"_exactmetrics_sitenote_note":"","_exactmetrics_sitenote_category":0,"footnotes":""},"categories":[10],"tags":[],"class_list":["post-7592","post","type-post","status-publish","format-standard","has-post-thumbnail","hentry","category-noticias"],"_links":{"self":[{"href":"https:\/\/acrj.org.br\/index.php\/wp-json\/wp\/v2\/posts\/7592","targetHints":{"allow":["GET"]}}],"collection":[{"href":"https:\/\/acrj.org.br\/index.php\/wp-json\/wp\/v2\/posts"}],"about":[{"href":"https:\/\/acrj.org.br\/index.php\/wp-json\/wp\/v2\/types\/post"}],"author":[{"embeddable":true,"href":"https:\/\/acrj.org.br\/index.php\/wp-json\/wp\/v2\/users\/1"}],"replies":[{"embeddable":true,"href":"https:\/\/acrj.org.br\/index.php\/wp-json\/wp\/v2\/comments?post=7592"}],"version-history":[{"count":0,"href":"https:\/\/acrj.org.br\/index.php\/wp-json\/wp\/v2\/posts\/7592\/revisions"}],"wp:featuredmedia":[{"embeddable":true,"href":"https:\/\/acrj.org.br\/index.php\/wp-json\/wp\/v2\/media\/7597"}],"wp:attachment":[{"href":"https:\/\/acrj.org.br\/index.php\/wp-json\/wp\/v2\/media?parent=7592"}],"wp:term":[{"taxonomy":"category","embeddable":true,"href":"https:\/\/acrj.org.br\/index.php\/wp-json\/wp\/v2\/categories?post=7592"},{"taxonomy":"post_tag","embeddable":true,"href":"https:\/\/acrj.org.br\/index.php\/wp-json\/wp\/v2\/tags?post=7592"}],"curies":[{"name":"wp","href":"https:\/\/api.w.org\/{rel}","templated":true}]}}