{"id":7528,"date":"2021-05-10T10:03:00","date_gmt":"2021-05-10T13:03:00","guid":{"rendered":"https:\/\/acrj.org.br\/?p=7528"},"modified":"2021-05-14T11:02:29","modified_gmt":"2021-05-14T14:02:29","slug":"retorno-de-eventos-esportivos-so-deve-acontecer-apos-3o-trimestre","status":"publish","type":"post","link":"https:\/\/acrj.org.br\/index.php\/2021\/05\/10\/retorno-de-eventos-esportivos-so-deve-acontecer-apos-3o-trimestre\/","title":{"rendered":"Retorno de eventos esportivos s\u00f3 deve acontecer ap\u00f3s 3\u00ba trimestre"},"content":{"rendered":"\n<p>O Conselho Empresarial de Esporte da ACRJ se reuniu, dia 4\/5, para fazer um balan\u00e7o sobre o cen\u00e1rio esportivo atual e uma proje\u00e7\u00e3o sobre o que esperar para os pr\u00f3ximos meses. A reuni\u00e3o foi virtual e coordenada pelo presidente do Conselho, Lars Grael.<\/p>\n\n\n\n<p>A expectativa de todos \u00e9 quanto ao retorno dos eventos esportivos presenciais, que paralisaram muitas empresas a partir do in\u00edcio da pandemia. A opini\u00e3o un\u00e2nime \u00e9 de que sejam realizados no 3\u00ba trimestre deste ano, a partir de setembro, quando h\u00e1 previs\u00e3o de maior n\u00famero de vacinados no Brasil. O conselheiro Alan Adler, que assumiu a coordena\u00e7\u00e3o da F\u00f3rmula 1 no Brasil, garantiu a realiza\u00e7\u00e3o da competi\u00e7\u00e3o este ano em Interlagos. \u201cO evento est\u00e1 garantido, acontece em novembro\u201d, disse. No entanto, ainda n\u00e3o est\u00e1 definida a presen\u00e7a de p\u00fablico, que vai depender das condi\u00e7\u00f5es da pandemia no momento.<\/p>\n\n\n\n<p>Tamb\u00e9m foi debatido o Projeto de Lei 1833\/2020, da C\u00e2mara de Vereadores do Rio Janeiro, que prev\u00ea a redu\u00e7\u00e3o do ISS (Imposto Sobre Servi\u00e7os) para o setor de eventos no munic\u00edpio Rio de Janeiro, que contribuir\u00e1 para recuperar as empresas afetadas pela pandemia do coronav\u00edrus. Segundo o conselheiro Pedro Guimar\u00e3es, que \u00e9 diretor-presidente da Apresenta (Associa\u00e7\u00e3o dos Promotores de Eventos do Setor de Entretenimento e Afins), o segmento \u00e9 respons\u00e1vel por 4,9% do PIB fluminense e a associa\u00e7\u00e3o defende a redu\u00e7\u00e3o do ISS para a al\u00edquota m\u00ednima de 2%, entre outras medidas. Lars Grael manifestou apoio do Conselho ao PL.<\/p>\n\n\n\n<p>O conselheiro Arthur Repsold complementou informando que o mercado est\u00e1 ansioso pela volta dos eventos presenciais e muitas marcas, de acordo com ele, est\u00e3o nesta expectativa pois h\u00e1 recursos dispon\u00edveis para patroc\u00ednios. \u201cTodos esperam pelo retorno presencial, mas tudo deve ser feito com muita seguran\u00e7a respeitando os protocolos. Tamb\u00e9m \u00e9 preciso que a vacina\u00e7\u00e3o avance no pa\u00eds\u201d, afirmou. Muitas atividades ligadas ao segmento esportivo j\u00e1 est\u00e3o retornando em pa\u00edses como Estados Unidos, Reino Unido e Espanha, entre outros, de acordo com os conselheiros.<\/p>\n\n\n\n<p>O presidente Lars Grael encerrou a reuni\u00e3o agradecendo a confian\u00e7a da atual diretoria da ACRJ e da presidente Angela Costa, cujo mandato est\u00e1 se encerrando, colocando o Conselho \u00e0 disposi\u00e7\u00e3o da pr\u00f3xima gest\u00e3o para que possa decidir sobre a continuidade ou n\u00e3o do trabalho deste time de conselheiros.<\/p>\n","protected":false},"excerpt":{"rendered":"<p>O Conselho Empresarial de Esporte da ACRJ se reuniu, dia 4\/5, para fazer um balan\u00e7o sobre o cen\u00e1rio esportivo atual e uma proje\u00e7\u00e3o sobre o&hellip;<\/p>\n","protected":false},"author":3,"featured_media":7531,"comment_status":"closed","ping_status":"closed","sticky":false,"template":"","format":"standard","meta":{"_exactmetrics_skip_tracking":false,"_exactmetrics_sitenote_active":false,"_exactmetrics_sitenote_note":"","_exactmetrics_sitenote_category":0,"footnotes":""},"categories":[10],"tags":[],"class_list":["post-7528","post","type-post","status-publish","format-standard","has-post-thumbnail","hentry","category-noticias"],"_links":{"self":[{"href":"https:\/\/acrj.org.br\/index.php\/wp-json\/wp\/v2\/posts\/7528","targetHints":{"allow":["GET"]}}],"collection":[{"href":"https:\/\/acrj.org.br\/index.php\/wp-json\/wp\/v2\/posts"}],"about":[{"href":"https:\/\/acrj.org.br\/index.php\/wp-json\/wp\/v2\/types\/post"}],"author":[{"embeddable":true,"href":"https:\/\/acrj.org.br\/index.php\/wp-json\/wp\/v2\/users\/3"}],"replies":[{"embeddable":true,"href":"https:\/\/acrj.org.br\/index.php\/wp-json\/wp\/v2\/comments?post=7528"}],"version-history":[{"count":0,"href":"https:\/\/acrj.org.br\/index.php\/wp-json\/wp\/v2\/posts\/7528\/revisions"}],"wp:featuredmedia":[{"embeddable":true,"href":"https:\/\/acrj.org.br\/index.php\/wp-json\/wp\/v2\/media\/7531"}],"wp:attachment":[{"href":"https:\/\/acrj.org.br\/index.php\/wp-json\/wp\/v2\/media?parent=7528"}],"wp:term":[{"taxonomy":"category","embeddable":true,"href":"https:\/\/acrj.org.br\/index.php\/wp-json\/wp\/v2\/categories?post=7528"},{"taxonomy":"post_tag","embeddable":true,"href":"https:\/\/acrj.org.br\/index.php\/wp-json\/wp\/v2\/tags?post=7528"}],"curies":[{"name":"wp","href":"https:\/\/api.w.org\/{rel}","templated":true}]}}