{"id":7469,"date":"2021-05-01T19:38:37","date_gmt":"2021-05-01T22:38:37","guid":{"rendered":"https:\/\/acrj.org.br\/?p=7469"},"modified":"2021-05-01T20:05:48","modified_gmt":"2021-05-01T23:05:48","slug":"acrj-na-posse-de-claudio-castro","status":"publish","type":"post","link":"https:\/\/acrj.org.br\/index.php\/2021\/05\/01\/acrj-na-posse-de-claudio-castro\/","title":{"rendered":"ACRJ na posse de Cl\u00e1udio Castro"},"content":{"rendered":"\n<p>A presidente da ACRJ, Angela Costa, participou, dia 1o de maio, da posse de Cl\u00e1udio Castro como governador efetivo do estado do Rio de Janeiro. Na foto, Angela Costa est\u00e1 acompanhada do governador e do vice-presidente Jur\u00eddico da ACRJ, Daniel Homem de Carvalho.&nbsp;<\/p>\n","protected":false},"excerpt":{"rendered":"<p>A presidente da ACRJ, Angela Costa, participou, dia 1o de maio, da posse de Cl\u00e1udio Castro como governador efetivo do estado do Rio de Janeiro.&hellip;<\/p>\n","protected":false},"author":3,"featured_media":7474,"comment_status":"closed","ping_status":"closed","sticky":false,"template":"","format":"standard","meta":{"_exactmetrics_skip_tracking":false,"_exactmetrics_sitenote_active":false,"_exactmetrics_sitenote_note":"","_exactmetrics_sitenote_category":0,"footnotes":""},"categories":[10],"tags":[],"class_list":["post-7469","post","type-post","status-publish","format-standard","has-post-thumbnail","hentry","category-noticias"],"_links":{"self":[{"href":"https:\/\/acrj.org.br\/index.php\/wp-json\/wp\/v2\/posts\/7469","targetHints":{"allow":["GET"]}}],"collection":[{"href":"https:\/\/acrj.org.br\/index.php\/wp-json\/wp\/v2\/posts"}],"about":[{"href":"https:\/\/acrj.org.br\/index.php\/wp-json\/wp\/v2\/types\/post"}],"author":[{"embeddable":true,"href":"https:\/\/acrj.org.br\/index.php\/wp-json\/wp\/v2\/users\/3"}],"replies":[{"embeddable":true,"href":"https:\/\/acrj.org.br\/index.php\/wp-json\/wp\/v2\/comments?post=7469"}],"version-history":[{"count":0,"href":"https:\/\/acrj.org.br\/index.php\/wp-json\/wp\/v2\/posts\/7469\/revisions"}],"wp:featuredmedia":[{"embeddable":true,"href":"https:\/\/acrj.org.br\/index.php\/wp-json\/wp\/v2\/media\/7474"}],"wp:attachment":[{"href":"https:\/\/acrj.org.br\/index.php\/wp-json\/wp\/v2\/media?parent=7469"}],"wp:term":[{"taxonomy":"category","embeddable":true,"href":"https:\/\/acrj.org.br\/index.php\/wp-json\/wp\/v2\/categories?post=7469"},{"taxonomy":"post_tag","embeddable":true,"href":"https:\/\/acrj.org.br\/index.php\/wp-json\/wp\/v2\/tags?post=7469"}],"curies":[{"name":"wp","href":"https:\/\/api.w.org\/{rel}","templated":true}]}}