{"id":7455,"date":"2021-04-30T10:21:35","date_gmt":"2021-04-30T13:21:35","guid":{"rendered":"https:\/\/acrj.org.br\/?p=7455"},"modified":"2023-01-06T02:32:42","modified_gmt":"2023-01-06T05:32:42","slug":"embaixador-brasileiro-destaca-a-boa-relacao-do-brasil-com-o-ira","status":"publish","type":"post","link":"https:\/\/acrj.org.br\/index.php\/2021\/04\/30\/embaixador-brasileiro-destaca-a-boa-relacao-do-brasil-com-o-ira\/","title":{"rendered":"Embaixador brasileiro destaca a boa rela\u00e7\u00e3o do Brasil com o Ir\u00e3"},"content":{"rendered":"\n<p>Em palestra no Conselho Empresarial de Pol\u00edtica e Com\u00e9rcio Exterior da ACRJ, o embaixador do Brasil no Ir\u00e3, Laudemar Aguiar, destacou a boa rela\u00e7\u00e3o com o pa\u00eds persa, que \u00e9 o principal parceiro comercial do Brasil na regi\u00e3o do Oriente M\u00e9dio e \u00c1sia Ocidental. O diplomata falou sobre a rela\u00e7\u00e3o Brasil-Ir\u00e3 durante a reuni\u00e3o virtual mensal do Conselho, a convite do presidente Eduardo Lessa Bastos, realizada dia 28\/4.<br>Segundo Aguiar, o Brasil \u00e9 grande exportador, principalmente, de carne bovina, milho e soja. Nos \u00faltimos 10 anos, segundo ele, houve um aumento de US$ 700 milh\u00f5es para cerca de US$ 2 bilh\u00f5es nas exporta\u00e7\u00f5es, mas ressaltou que o ano passado registrou uma retra\u00e7\u00e3o de 47% nos produtos exportados.<br>A expectativa agora, de acordo com o embaixador, \u00e9 para o avan\u00e7o nas novas negocia\u00e7\u00f5es para suspens\u00e3o das san\u00e7\u00f5es dos Estados Unidos, que j\u00e1 declararam a disponibilidade para revisar os principais bloqueios impostos ao Ir\u00e3. A condi\u00e7\u00e3o essencial para a revers\u00e3o deste cen\u00e1rio \u00e9 que o pa\u00eds cumpra o acordo envolvendo seu programa nuclear, cujas conversas indiretas s\u00e3o mediadas pela Uni\u00e3o Europeia. O embaixador brasileiro acredita que resultados positivos gerados por essas negocia\u00e7\u00f5es, podem abrir novas possibilidades para o Brasil.<br>\u201cHoje, o Brasil s\u00f3 pode comercializar produtos no setor de alimentos e sa\u00fade, farmac\u00eauticos, por conta das san\u00e7\u00f5es impostadas ao Ir\u00e3. Esperamos poder expandir nossas rela\u00e7\u00f5es com o pa\u00eds. Por isso, aguardamos o resultado dessas negocia\u00e7\u00f5es e que pelo menos parcialmente as san\u00e7\u00f5es possam ser suspensas. Espero que durante minha gest\u00e3o na Embaixada eu possa contribuir e ampliar e com\u00e9rcio com o Ir\u00e3\u201d, disse, complementando que existe grande potencial tamb\u00e9m na \u00e1rea de turismo.<br>O embaixador tamb\u00e9m comentou sobre a quest\u00e3o da pandemia de Covid-19, destacando que o Ir\u00e3 est\u00e1 atualmente em lockdown, apenas com servi\u00e7os essenciais em funcionamento e registra cerca de 2,5 milh\u00f5es de casos, com o pico da doen\u00e7a registrado neste m\u00eas de abril. \u201cO pa\u00eds j\u00e1 come\u00e7ou a vacina\u00e7\u00e3o, com vacinas doadas pela R\u00fassia e China, e pretende acelerar o n\u00famero de pessoas imunizadas a partir da produ\u00e7\u00e3o interna. Hoje, quatro vacinas est\u00e3o em teste no pa\u00eds\u201d, informou.<br>Laudemar Aguiar encerrou sua participa\u00e7\u00e3o reafirmando que o Ir\u00e3 \u00e9 um pa\u00eds importante na regi\u00e3o e apesar de ter uma cultura diferente da que temos no Brasil, ele destaca que \u201co povo \u00e9 muito hospitaleiro, como o brasileiro. Poucos conhecem a complexidade do Ir\u00e3, sua hist\u00f3ria. O pa\u00eds \u00e9 um grande mercado para o Brasil. Cada pa\u00eds tem sua hist\u00f3ria, sua cultura e suas leis. \u00c9 um pa\u00eds mu\u00e7ulmano, que tem costumes muito diferentes dos nossos, mas cabe a n\u00f3s respeitar, mesmo sem concordar com determinadas quest\u00f5es, especialmente no que diz respeito aos direitos humanos\u201d, afirmou.<\/p>\n\n\n\n<figure class=\"wp-block-image size-large is-resized\"><img fetchpriority=\"high\" decoding=\"async\" src=\"https:\/\/acrj.org.br\/wp-content\/uploads\/2021\/04\/CE-Comex_28_abr_21_1.png\" alt=\"\" class=\"wp-image-7457\" width=\"375\" height=\"408\" srcset=\"https:\/\/acrj.org.br\/wp-content\/uploads\/2021\/04\/CE-Comex_28_abr_21_1.png 926w, https:\/\/acrj.org.br\/wp-content\/uploads\/2021\/04\/CE-Comex_28_abr_21_1-600x652.png 600w, https:\/\/acrj.org.br\/wp-content\/uploads\/2021\/04\/CE-Comex_28_abr_21_1-276x300.png 276w, https:\/\/acrj.org.br\/wp-content\/uploads\/2021\/04\/CE-Comex_28_abr_21_1-768x835.png 768w\" sizes=\"(max-width: 375px) 100vw, 375px\" \/><\/figure>\n","protected":false},"excerpt":{"rendered":"<p>Em palestra no Conselho Empresarial de Pol\u00edtica e Com\u00e9rcio Exterior da ACRJ, o embaixador do Brasil no Ir\u00e3, Laudemar Aguiar, destacou a boa rela\u00e7\u00e3o com&hellip;<\/p>\n","protected":false},"author":3,"featured_media":7456,"comment_status":"closed","ping_status":"closed","sticky":false,"template":"","format":"standard","meta":{"_exactmetrics_skip_tracking":false,"_exactmetrics_sitenote_active":false,"_exactmetrics_sitenote_note":"","_exactmetrics_sitenote_category":0,"footnotes":""},"categories":[10],"tags":[],"class_list":["post-7455","post","type-post","status-publish","format-standard","has-post-thumbnail","hentry","category-noticias"],"_links":{"self":[{"href":"https:\/\/acrj.org.br\/index.php\/wp-json\/wp\/v2\/posts\/7455","targetHints":{"allow":["GET"]}}],"collection":[{"href":"https:\/\/acrj.org.br\/index.php\/wp-json\/wp\/v2\/posts"}],"about":[{"href":"https:\/\/acrj.org.br\/index.php\/wp-json\/wp\/v2\/types\/post"}],"author":[{"embeddable":true,"href":"https:\/\/acrj.org.br\/index.php\/wp-json\/wp\/v2\/users\/3"}],"replies":[{"embeddable":true,"href":"https:\/\/acrj.org.br\/index.php\/wp-json\/wp\/v2\/comments?post=7455"}],"version-history":[{"count":0,"href":"https:\/\/acrj.org.br\/index.php\/wp-json\/wp\/v2\/posts\/7455\/revisions"}],"wp:featuredmedia":[{"embeddable":true,"href":"https:\/\/acrj.org.br\/index.php\/wp-json\/wp\/v2\/media\/7456"}],"wp:attachment":[{"href":"https:\/\/acrj.org.br\/index.php\/wp-json\/wp\/v2\/media?parent=7455"}],"wp:term":[{"taxonomy":"category","embeddable":true,"href":"https:\/\/acrj.org.br\/index.php\/wp-json\/wp\/v2\/categories?post=7455"},{"taxonomy":"post_tag","embeddable":true,"href":"https:\/\/acrj.org.br\/index.php\/wp-json\/wp\/v2\/tags?post=7455"}],"curies":[{"name":"wp","href":"https:\/\/api.w.org\/{rel}","templated":true}]}}