{"id":7358,"date":"2021-04-19T15:19:14","date_gmt":"2021-04-19T18:19:14","guid":{"rendered":"https:\/\/acrj.org.br\/?p=7358"},"modified":"2021-04-20T12:47:33","modified_gmt":"2021-04-20T15:47:33","slug":"acrj-e-habilitada-como-amicus-curiae","status":"publish","type":"post","link":"https:\/\/acrj.org.br\/index.php\/2021\/04\/19\/acrj-e-habilitada-como-amicus-curiae\/","title":{"rendered":"ACRJ \u00e9 habilitada como Amicus Curiae"},"content":{"rendered":"\n<p>A Associa\u00e7\u00e3o Comercial do Rio de Janeiro \u00e9 habilitada como <em>Amicus Curiae <\/em>em processo que questiona Lei que institui Regime Diferenciado de Tributa\u00e7\u00e3o para o setor empresarial atacadista do Estado do Rio de Janeiro.<\/p>\n\n\n\n<p>A ACRJ requereu sua habilita\u00e7\u00e3o como <em>Amicus Curiae<\/em> nos autos do Processo n\u00b0 0011485-60.2021.8.19.000, de relatoria do desembargador Celso Ferreira Filho, em curso no \u00d3rg\u00e3o Especial do Tribunal de Justi\u00e7a do Estado do Rio de Janeiro.<\/p>\n\n\n\n<p>O referido processo se trata de A\u00e7\u00e3o Direta de Inconstitucionalidade movida pelo Minist\u00e9rio P\u00fablico do Estado do Rio de Janeiro, no sentido de impugnar a Lei n\u00b0 9.025\/20, que instituiu regime diferenciado de tributa\u00e7\u00e3o para o setor empresarial atacadista, sob o fundamento de que a referida Lei descumpre artigos da Constitui\u00e7\u00e3o do Estado do Rio de Janeiro, mais especificamente, mas n\u00e3o se limitando, os artigos 5\u00ba e 199, \u00a7 11, inciso VII, da CERJ; e artigos 1\u00ba, caput, e 155, \u00a7 2\u00ba, inciso XII, al\u00ednea \u201cg\u201d.<\/p>\n\n\n\n<p>A mencionada norma legal visa conceder incentivos fiscais ao setor atacadista do estado, que tem passado por grave crise econ\u00f4mica em virtude da pandemia que assola o nosso pa\u00eds.<\/p>\n\n\n\n<p>O objetivo da ACRJ ao ingressar no processo \u00e9 contribuir com a efetividade da presta\u00e7\u00e3o jurisdicional e apresentar argumentos que visam demonstrar a legalidade da norma e a sua import\u00e2ncia n\u00e3o s\u00f3 para a classe empresarial, mas para toda a sociedade. <\/p>\n\n\n\n<p>Na mesma decis\u00e3o em que o Desembargador relator indeferiu o pedido liminar que tinha como objetivo a suspens\u00e3o da efic\u00e1cia da Lei, tamb\u00e9m acolheu o requerimento da ACRJ de ingresso no processo sob a justificativa de que \u00e9 <em>\u201cinequ\u00edvoca pertin\u00eancia tem\u00e1tica e a representatividade necess\u00e1ria.\u201d<\/em><\/p>\n\n\n\n<p>A peti\u00e7\u00e3o da ACRJ foi assinada pelos advogados Daniel Homem de Carvalho, Vice-Presidente Jur\u00eddico e Alan Verissimo, Consultor Jur\u00eddico da Casa.<\/p>\n","protected":false},"excerpt":{"rendered":"<p>A Associa\u00e7\u00e3o Comercial do Rio de Janeiro \u00e9 habilitada como Amicus Curiae em processo que questiona Lei que institui Regime Diferenciado de Tributa\u00e7\u00e3o para o&hellip;<\/p>\n","protected":false},"author":3,"featured_media":7362,"comment_status":"closed","ping_status":"closed","sticky":false,"template":"","format":"standard","meta":{"_exactmetrics_skip_tracking":false,"_exactmetrics_sitenote_active":false,"_exactmetrics_sitenote_note":"","_exactmetrics_sitenote_category":0,"footnotes":""},"categories":[10],"tags":[],"class_list":["post-7358","post","type-post","status-publish","format-standard","has-post-thumbnail","hentry","category-noticias"],"_links":{"self":[{"href":"https:\/\/acrj.org.br\/index.php\/wp-json\/wp\/v2\/posts\/7358","targetHints":{"allow":["GET"]}}],"collection":[{"href":"https:\/\/acrj.org.br\/index.php\/wp-json\/wp\/v2\/posts"}],"about":[{"href":"https:\/\/acrj.org.br\/index.php\/wp-json\/wp\/v2\/types\/post"}],"author":[{"embeddable":true,"href":"https:\/\/acrj.org.br\/index.php\/wp-json\/wp\/v2\/users\/3"}],"replies":[{"embeddable":true,"href":"https:\/\/acrj.org.br\/index.php\/wp-json\/wp\/v2\/comments?post=7358"}],"version-history":[{"count":0,"href":"https:\/\/acrj.org.br\/index.php\/wp-json\/wp\/v2\/posts\/7358\/revisions"}],"wp:featuredmedia":[{"embeddable":true,"href":"https:\/\/acrj.org.br\/index.php\/wp-json\/wp\/v2\/media\/7362"}],"wp:attachment":[{"href":"https:\/\/acrj.org.br\/index.php\/wp-json\/wp\/v2\/media?parent=7358"}],"wp:term":[{"taxonomy":"category","embeddable":true,"href":"https:\/\/acrj.org.br\/index.php\/wp-json\/wp\/v2\/categories?post=7358"},{"taxonomy":"post_tag","embeddable":true,"href":"https:\/\/acrj.org.br\/index.php\/wp-json\/wp\/v2\/tags?post=7358"}],"curies":[{"name":"wp","href":"https:\/\/api.w.org\/{rel}","templated":true}]}}