{"id":7341,"date":"2021-04-16T14:16:25","date_gmt":"2021-04-16T17:16:25","guid":{"rendered":"https:\/\/acrj.org.br\/?p=7341"},"modified":"2021-04-16T14:26:07","modified_gmt":"2021-04-16T17:26:07","slug":"diretora-da-fenasaude-alerta-para-o-cenario-que-o-brasil-passa-com-a-pandemia","status":"publish","type":"post","link":"https:\/\/acrj.org.br\/index.php\/2021\/04\/16\/diretora-da-fenasaude-alerta-para-o-cenario-que-o-brasil-passa-com-a-pandemia\/","title":{"rendered":"Diretora da FenaSa\u00fade alerta para o cen\u00e1rio que o Brasil passa com a pandemia"},"content":{"rendered":"\n<p>O Conselho Empresarial de Pol\u00edticas Econ\u00f4micas da ACRJ recebeu em reuni\u00e3o virtual, no dia 8 de abril, a diretora executiva da Federa\u00e7\u00e3o Nacional de Sa\u00fade Suplementar (FenaSa\u00fade), Vera Valente, que afirmou ser esse o pior momento da pandemia. \u201c\u00c9 grav\u00edssimo. H\u00e1 falta de leitos, h\u00e1 falta de insumos para intubar os pacientes. \u00c9 uma coisa dram\u00e1tica\u201d, alertou a diretora.<\/p>\n\n\n\n<p>A diretora disse que, al\u00e9m do salto de interna\u00e7\u00f5es por causa da Covid, h\u00e1 uma procura grande para cirurgias eletivas, comparativamente a mar\u00e7o de 2019, quando n\u00e3o existia a pandemia. Com isso, houve um \u201cengarrafamento no sistema, no momento mais cr\u00edtico dele\u201d, revelou.<\/p>\n\n\n\n<p>Segundo ela, a situa\u00e7\u00e3o da sa\u00fade no Brasil \u00e9 bastante complicada. \u201cVoc\u00ea tem o SUS, que \u00e9 forte, mas que tem uma limita\u00e7\u00e3o de financiamento, tendo em vista at\u00e9 o d\u00e9ficit fiscal. A perspectiva da gente aumentar o or\u00e7amento do SUS, para fazer uma sa\u00fade com mais qualidade para quem hoje depende dele, n\u00e3o existe esse cen\u00e1rio no curto prazo\u201d, ressaltou.<\/p>\n\n\n\n<p>No per\u00edodo de mar\u00e7o de 2020 a mar\u00e7o de 2021, as operadoras de planos de sa\u00fade que integram a FenaSa\u00fade fizeram 196 mil interna\u00e7\u00f5es de Covid; quase 80 mil em UTI; mais de dois milh\u00f5es e 700 mil testes de RT-PCR; e cerca de 860 mil exames sorol\u00f3gicos. A diretora reiterou que, por exemplo, o custo de interna\u00e7\u00e3o \u00e9 muito alto e citou o valor m\u00e9dio das interna\u00e7\u00f5es, que foi de R$ 33 mil, sendo que na UTI sobe para R$ 82 mil. O custo total das operadoras da FenaSa\u00fade, com a pandemia, foi R$ 13,5 bilh\u00f5es neste primeiro ano.<\/p>\n\n\n\n<p>O presidente do Conselho, embaixador Marc\u00edlio Marques Moreira, lembrou que a crise sanit\u00e1ria no Brasil e no mundo afeta a popula\u00e7\u00e3o global e a economia tamb\u00e9m e que \u00e9 preciso iniciativas para minimizar o impacto causado pela Covid-19 na sociedade.&nbsp;<\/p>\n","protected":false},"excerpt":{"rendered":"<p>O Conselho Empresarial de Pol\u00edticas Econ\u00f4micas da ACRJ recebeu em reuni\u00e3o virtual, no dia 8 de abril, a diretora executiva da Federa\u00e7\u00e3o Nacional de Sa\u00fade&hellip;<\/p>\n","protected":false},"author":1,"featured_media":7343,"comment_status":"closed","ping_status":"closed","sticky":false,"template":"","format":"standard","meta":{"_exactmetrics_skip_tracking":false,"_exactmetrics_sitenote_active":false,"_exactmetrics_sitenote_note":"","_exactmetrics_sitenote_category":0,"footnotes":""},"categories":[10],"tags":[],"class_list":["post-7341","post","type-post","status-publish","format-standard","has-post-thumbnail","hentry","category-noticias"],"_links":{"self":[{"href":"https:\/\/acrj.org.br\/index.php\/wp-json\/wp\/v2\/posts\/7341","targetHints":{"allow":["GET"]}}],"collection":[{"href":"https:\/\/acrj.org.br\/index.php\/wp-json\/wp\/v2\/posts"}],"about":[{"href":"https:\/\/acrj.org.br\/index.php\/wp-json\/wp\/v2\/types\/post"}],"author":[{"embeddable":true,"href":"https:\/\/acrj.org.br\/index.php\/wp-json\/wp\/v2\/users\/1"}],"replies":[{"embeddable":true,"href":"https:\/\/acrj.org.br\/index.php\/wp-json\/wp\/v2\/comments?post=7341"}],"version-history":[{"count":0,"href":"https:\/\/acrj.org.br\/index.php\/wp-json\/wp\/v2\/posts\/7341\/revisions"}],"wp:featuredmedia":[{"embeddable":true,"href":"https:\/\/acrj.org.br\/index.php\/wp-json\/wp\/v2\/media\/7343"}],"wp:attachment":[{"href":"https:\/\/acrj.org.br\/index.php\/wp-json\/wp\/v2\/media?parent=7341"}],"wp:term":[{"taxonomy":"category","embeddable":true,"href":"https:\/\/acrj.org.br\/index.php\/wp-json\/wp\/v2\/categories?post=7341"},{"taxonomy":"post_tag","embeddable":true,"href":"https:\/\/acrj.org.br\/index.php\/wp-json\/wp\/v2\/tags?post=7341"}],"curies":[{"name":"wp","href":"https:\/\/api.w.org\/{rel}","templated":true}]}}