{"id":7257,"date":"2021-04-15T10:03:00","date_gmt":"2021-04-15T13:03:00","guid":{"rendered":"https:\/\/acrj.org.br\/?p=7257"},"modified":"2021-04-15T12:06:18","modified_gmt":"2021-04-15T15:06:18","slug":"descontinuidade-e-um-dos-gargalos-para-criacao-de-politicas-publicas-no-setor-cultural","status":"publish","type":"post","link":"https:\/\/acrj.org.br\/index.php\/2021\/04\/15\/descontinuidade-e-um-dos-gargalos-para-criacao-de-politicas-publicas-no-setor-cultural\/","title":{"rendered":"Descontinuidade \u00e9 um dos gargalos para cria\u00e7\u00e3o de pol\u00edticas p\u00fablicas no setor cultural"},"content":{"rendered":"\n<p>Ao participar da reuni\u00e3o do Conselho Empresarial de Assuntos Culturais, dia 14\/4, a diretora da Casa Fran\u00e7a-Brasil, Helena Severo, disse que um dos gargalos para a implementa\u00e7\u00e3o de pol\u00edticas p\u00fablicas no Brasil \u00e9 a descontinuidade, onde cada gestor, ao assumir, come\u00e7a o trabalho do zero fazendo com que n\u00e3o haja uma pol\u00edtica de estado na \u00e1rea cultural. \u201cIsso acontece em toda a cadeia da produ\u00e7\u00e3o cultural. As rupturas s\u00e3o danosas para a gest\u00e3o das institui\u00e7\u00f5es p\u00fablicas na \u00e1rea de cultura\u201d, afirmou durante a palestra Pol\u00edticas P\u00fablicas e Gest\u00e3o Cultural.<\/p>\n\n\n\n<p>Al\u00e9m disso, segundo ela, h\u00e1 uma baixa profissionaliza\u00e7\u00e3o de quem atua no setor p\u00fablico, que muitas vezes migra de outras \u00e1reas para trabalhar com cultura. A diretora destacou ainda a quest\u00e3o or\u00e7ament\u00e1ria do segmento, que n\u00e3o atende a maioria. \u201cFalar em baixo or\u00e7amento \u00e9 o \u00f3bvio. Os gestores sempre lidam com este dilema, poucos recursos, mas alt\u00edssima demanda, sobretudo em momentos de crise. Os recursos encolhem cada vez mais e as a\u00e7\u00f5es dependem de aportes privados, que por sua vez dependem das Leis de incentivo. E todos n\u00f3s sabemos que a obten\u00e7\u00e3o de patroc\u00ednio \u00e9 como uma corrida de obst\u00e1culos e poucos conseguem alcan\u00e7ar a linha de chegada\u201d, ressaltou.<\/p>\n\n\n\n<p>Em sua palestra, Helena Severo tamb\u00e9m fez uma an\u00e1lise hist\u00f3rica da cultura brasileira, a partir da Semana de 22, at\u00e9 os dias atuais, contextualizando os avan\u00e7os e retrocessos do setor no pa\u00eds. Lembrou iniciativas importantes como a cria\u00e7\u00e3o da Funarte e da Embrafilme; a Constitui\u00e7\u00e3o de 1988, que \u201cfoi generosa com a cultura destacando como direito de todos\u201d; a implementa\u00e7\u00e3o das duas Leis de Incentivo (Rouanet e do Audiovisual), que alavancaram o or\u00e7amento do Minist\u00e9rio da Cultura, na \u00e9poca, para realiza\u00e7\u00e3o de pol\u00edticas p\u00fablicas para este segmento; o projeto Monumenta (recupera\u00e7\u00e3o e preserva\u00e7\u00e3o do patrim\u00f4nio hist\u00f3rico); o Plano Nacional da Cultura (PNC), criado em 2010 para orientar o desenvolvimento de programas, projetos e a\u00e7\u00f5es culturais vigente at\u00e9 2022, entre outras.<\/p>\n\n\n\n<p>\u201cEsta \u00e9 uma an\u00e1lise hist\u00f3rica importante de todo o processo cultural at\u00e9 os dias atuais. Assim podemos conhecer o que aconteceu no passado para entender onde estamos agora e como precisamos avan\u00e7ar\u201d, completou a presidente do Conselho, Vera Tostes.<\/p>\n\n\n\n<p>Desde o ano passado na dire\u00e7\u00e3o da Casa Fran\u00e7a-Brasil &#8211; ligada \u00e0 Secretaria de Estado de Cultura e Economia Criativa -, passou a ser exercida por Helena Severo. Ela aceitou a tarefa de valorizar este equipamento hist\u00f3rico, que sempre marcou o cen\u00e1rio art\u00edstico do Rio de Janeiro e do Brasil. \u201cPara mim, \u00e9 um desafio prazeroso porque sou f\u00e3 daquele pr\u00e9dio. Pretendo retomar sua voca\u00e7\u00e3o de abrigar grandes exposi\u00e7\u00f5es de acervos de m\u00e9dia e grande escalas nas artes em todas as suas express\u00f5es, moda, arquitetura, pintura, gravura, escultura etc.\u201d, garantiu.<\/p>\n\n\n\n<figure class=\"wp-block-image size-large is-resized\"><img fetchpriority=\"high\" decoding=\"async\" src=\"https:\/\/acrj.org.br\/wp-content\/uploads\/2021\/04\/cultura_reuniao_14_abr.png\" alt=\"\" class=\"wp-image-7259\" width=\"390\" height=\"375\" srcset=\"https:\/\/acrj.org.br\/wp-content\/uploads\/2021\/04\/cultura_reuniao_14_abr.png 674w, https:\/\/acrj.org.br\/wp-content\/uploads\/2021\/04\/cultura_reuniao_14_abr-600x577.png 600w, https:\/\/acrj.org.br\/wp-content\/uploads\/2021\/04\/cultura_reuniao_14_abr-300x288.png 300w\" sizes=\"(max-width: 390px) 100vw, 390px\" \/><\/figure>\n","protected":false},"excerpt":{"rendered":"<p>Ao participar da reuni\u00e3o do Conselho Empresarial de Assuntos Culturais, dia 14\/4, a diretora da Casa Fran\u00e7a-Brasil, Helena Severo, disse que um dos gargalos para&hellip;<\/p>\n","protected":false},"author":3,"featured_media":7258,"comment_status":"closed","ping_status":"closed","sticky":false,"template":"","format":"standard","meta":{"_exactmetrics_skip_tracking":false,"_exactmetrics_sitenote_active":false,"_exactmetrics_sitenote_note":"","_exactmetrics_sitenote_category":0,"footnotes":""},"categories":[10],"tags":[],"class_list":["post-7257","post","type-post","status-publish","format-standard","has-post-thumbnail","hentry","category-noticias"],"_links":{"self":[{"href":"https:\/\/acrj.org.br\/index.php\/wp-json\/wp\/v2\/posts\/7257","targetHints":{"allow":["GET"]}}],"collection":[{"href":"https:\/\/acrj.org.br\/index.php\/wp-json\/wp\/v2\/posts"}],"about":[{"href":"https:\/\/acrj.org.br\/index.php\/wp-json\/wp\/v2\/types\/post"}],"author":[{"embeddable":true,"href":"https:\/\/acrj.org.br\/index.php\/wp-json\/wp\/v2\/users\/3"}],"replies":[{"embeddable":true,"href":"https:\/\/acrj.org.br\/index.php\/wp-json\/wp\/v2\/comments?post=7257"}],"version-history":[{"count":0,"href":"https:\/\/acrj.org.br\/index.php\/wp-json\/wp\/v2\/posts\/7257\/revisions"}],"wp:featuredmedia":[{"embeddable":true,"href":"https:\/\/acrj.org.br\/index.php\/wp-json\/wp\/v2\/media\/7258"}],"wp:attachment":[{"href":"https:\/\/acrj.org.br\/index.php\/wp-json\/wp\/v2\/media?parent=7257"}],"wp:term":[{"taxonomy":"category","embeddable":true,"href":"https:\/\/acrj.org.br\/index.php\/wp-json\/wp\/v2\/categories?post=7257"},{"taxonomy":"post_tag","embeddable":true,"href":"https:\/\/acrj.org.br\/index.php\/wp-json\/wp\/v2\/tags?post=7257"}],"curies":[{"name":"wp","href":"https:\/\/api.w.org\/{rel}","templated":true}]}}