{"id":7191,"date":"2021-04-09T14:56:41","date_gmt":"2021-04-09T17:56:41","guid":{"rendered":"https:\/\/acrj.org.br\/?p=7191"},"modified":"2021-06-25T11:09:32","modified_gmt":"2021-06-25T14:09:32","slug":"revista-governanca-e-compliance-sobre-lgpd-e-lancada","status":"publish","type":"post","link":"https:\/\/acrj.org.br\/index.php\/2021\/04\/09\/revista-governanca-e-compliance-sobre-lgpd-e-lancada\/","title":{"rendered":"Revista Governan\u00e7a e Compliance sobre LGPD \u00e9 lan\u00e7ada"},"content":{"rendered":"\n<p>A 8\u00aa edi\u00e7\u00e3o da publica\u00e7\u00e3o foi lan\u00e7ada, dia 9\/4, durante o Semin\u00e1rio Lei Geral de Prote\u00e7\u00e3o de Dados \u2013 Governan\u00e7a legal da informa\u00e7\u00e3o, desafios e oportunidades, promovido pelo Conselho Empresarial de Governan\u00e7a e Compliance da ACRJ.&nbsp;Nesta edi\u00e7\u00e3o, a LGPD foi o tema central e reuniu um time especialistas, que contribuiu com seus artigos para abordar os diversos aspectos desta legisla\u00e7\u00e3o. S\u00e3o eles: Anderson de Paiva Gabriel, Andr\u00e9a Pedrosa de G\u00f3es, Caio Ramalho, Sayera Gonzaga Voila Maganha e Walter Aranha Capanema, al\u00e9m do presidente do Conselho, Humberto Mota Filho.<\/p>\n\n\n\n<p>Na abertura da revista, a presidente da ACRJ, Angela Costa, destacou a import\u00e2ncia em dar aten\u00e7\u00e3o \u00e0s agendas de interesse estrat\u00e9gico para as empresas e para o desenvolvimento do pa\u00eds. \u201cA LGPD entrou em vigor no ano passado, com inspira\u00e7\u00e3o no regulamento europeu. Sua fun\u00e7\u00e3o \u00e9 proteger e dar transpar\u00eancia ao tratamento dos dados pessoais. A montagem de estruturas de governan\u00e7a da informa\u00e7\u00e3o \u00e9, sem d\u00favida, um grande desafio para as empresas. A presente edi\u00e7\u00e3o acerta em cheio ao concentrar seu foco na Geral de Prote\u00e7\u00e3o de Dados Pessoais, com artigos de alt\u00edssima qualidade\u201d, ressaltou.<\/p>\n\n\n\n<p>Humberto Mota Filho prop\u00f5e que a governan\u00e7a da informa\u00e7\u00e3o seja aferida pelos elementos da seguran\u00e7a com a sugest\u00e3o de algumas medidas e pr\u00e1ticas que podem contribuir com o seu avan\u00e7o em nosso pa\u00eds, a partir de dispositivos legais espec\u00edficos. \u201cNosso objetivo, em mais uma edi\u00e7\u00e3o da nossa publica\u00e7\u00e3o, foi promover um debate qualificado sobre o tema e discutir estrat\u00e9gias para fazer avan\u00e7ar uma agenda de governan\u00e7a da informa\u00e7\u00e3o\u201d, afirmou.<\/p>\n\n\n\n<p>A revista Governan\u00e7a e Compliance \u00e9 a publica\u00e7\u00e3o oficial do Conselho Empresarial de Governan\u00e7a e Compliance da ACRJ. A cada edi\u00e7\u00e3o conta com a contribui\u00e7\u00e3o de especialistas em diversos temas para o debate e fomento da cultura da integridade, com o objetivo de produzir propostas para a melhoria do ambiente de neg\u00f3cios brasileiro. Esta edi\u00e7\u00e3o teve o patroc\u00ednio do Sebrae Rio.<\/p>\n\n\n\n<p>A revista est\u00e1 dispon\u00edvel no site da ACRJ. Acesse&nbsp;<strong><a href=\"https:\/\/acrj.org.br\/wp-content\/uploads\/2021\/04\/revista_governanca_compliance_abr_2021_07_04.pdf\">aqui<\/a><\/strong><\/p>\n","protected":false},"excerpt":{"rendered":"<p>A 8\u00aa edi\u00e7\u00e3o da publica\u00e7\u00e3o foi lan\u00e7ada, dia 9\/4, durante o Semin\u00e1rio Lei Geral de Prote\u00e7\u00e3o de Dados \u2013 Governan\u00e7a legal da informa\u00e7\u00e3o, desafios e&hellip;<\/p>\n","protected":false},"author":3,"featured_media":7195,"comment_status":"closed","ping_status":"closed","sticky":false,"template":"","format":"standard","meta":{"_exactmetrics_skip_tracking":false,"_exactmetrics_sitenote_active":false,"_exactmetrics_sitenote_note":"","_exactmetrics_sitenote_category":0,"footnotes":""},"categories":[6],"tags":[],"class_list":["post-7191","post","type-post","status-publish","format-standard","has-post-thumbnail","hentry","category-destaque_noticias"],"_links":{"self":[{"href":"https:\/\/acrj.org.br\/index.php\/wp-json\/wp\/v2\/posts\/7191","targetHints":{"allow":["GET"]}}],"collection":[{"href":"https:\/\/acrj.org.br\/index.php\/wp-json\/wp\/v2\/posts"}],"about":[{"href":"https:\/\/acrj.org.br\/index.php\/wp-json\/wp\/v2\/types\/post"}],"author":[{"embeddable":true,"href":"https:\/\/acrj.org.br\/index.php\/wp-json\/wp\/v2\/users\/3"}],"replies":[{"embeddable":true,"href":"https:\/\/acrj.org.br\/index.php\/wp-json\/wp\/v2\/comments?post=7191"}],"version-history":[{"count":0,"href":"https:\/\/acrj.org.br\/index.php\/wp-json\/wp\/v2\/posts\/7191\/revisions"}],"wp:featuredmedia":[{"embeddable":true,"href":"https:\/\/acrj.org.br\/index.php\/wp-json\/wp\/v2\/media\/7195"}],"wp:attachment":[{"href":"https:\/\/acrj.org.br\/index.php\/wp-json\/wp\/v2\/media?parent=7191"}],"wp:term":[{"taxonomy":"category","embeddable":true,"href":"https:\/\/acrj.org.br\/index.php\/wp-json\/wp\/v2\/categories?post=7191"},{"taxonomy":"post_tag","embeddable":true,"href":"https:\/\/acrj.org.br\/index.php\/wp-json\/wp\/v2\/tags?post=7191"}],"curies":[{"name":"wp","href":"https:\/\/api.w.org\/{rel}","templated":true}]}}