{"id":7093,"date":"2021-03-19T15:44:11","date_gmt":"2021-03-19T18:44:11","guid":{"rendered":"https:\/\/acrj.org.br\/?p=7093"},"modified":"2021-03-19T15:44:12","modified_gmt":"2021-03-19T18:44:12","slug":"acrj-propoe-contribuicao-para-dialogo-de-alto-nivel-da-onu-sobre-energia","status":"publish","type":"post","link":"https:\/\/acrj.org.br\/index.php\/2021\/03\/19\/acrj-propoe-contribuicao-para-dialogo-de-alto-nivel-da-onu-sobre-energia\/","title":{"rendered":"ACRJ prop\u00f5e contribui\u00e7\u00e3o para Di\u00e1logo de Alto N\u00edvel da ONU sobre Energia"},"content":{"rendered":"\n<p>O Brasil vai liderar o Di\u00e1logo de Alto N\u00edvel das Na\u00e7\u00f5es Unidas sobre Energia e a ACRJ quer contribuir para a discuss\u00e3o do tema Transi\u00e7\u00e3o Energ\u00e9tica, um dos eixos centrais do evento. Para isso, o Conselho Empresarial de Energia da Associa\u00e7\u00e3o Comercial do Rio de Janeiro vai promover um debate, que ser\u00e1 a base para a apresenta\u00e7\u00e3o de propostas. A finalidade \u00e9 que a sociedade civil seja representada tamb\u00e9m durante a exposi\u00e7\u00e3o do Brasil na sess\u00e3o n\u00famero 76 da Assembleia Geral da ONU, prevista para ser realizada em setembro desse ano, em Nova York.<br>O an\u00fancio foi feito pela presidente do Conselho, Joisa Dutra, ao longo encontro virtual, dia 9\/3. \u201c\u00c9 importante a nossa contribui\u00e7\u00e3o nesse respeit\u00e1vel e prestigiado evento da ONU, que visa identificar as maneiras de realizar as mudan\u00e7as necess\u00e1rias para que tenhamos um futuro com energia limpa, sustent\u00e1vel e que seja acess\u00edvel para todos\u201d, afirmou.<br>Al\u00e9m desse debate, os conselheiros defendem a realiza\u00e7\u00e3o de eventos onlines que abordem temas como os impactos do aumento das tarifas na renda dos cariocas e os efeitos da Reforma Tribut\u00e1ria, que dever\u00e1 ser votada ainda esse ano, no Rio de Janeiro e no setor el\u00e9trico.<br>Durante a reuni\u00e3o, eles discutiram ainda sobre a concess\u00e3o do g\u00e1s, cobran\u00e7a de ICMS, reforma do setor de Energia, gera\u00e7\u00e3o distribu\u00edda, contratos de concess\u00e3o e aumento das tarifas. Vale lembrar que a conta de energia ficou mais cara a partir de 15 de mar\u00e7o, sendo que o reajuste \u00e9 de 4,67% para clientes residenciais da Light e 4,65% para os da Enel.\u00a0\u00a0<\/p>\n","protected":false},"excerpt":{"rendered":"<p>O Brasil vai liderar o Di\u00e1logo de Alto N\u00edvel das Na\u00e7\u00f5es Unidas sobre Energia e a ACRJ quer contribuir para a discuss\u00e3o do tema Transi\u00e7\u00e3o&hellip;<\/p>\n","protected":false},"author":1,"featured_media":7095,"comment_status":"closed","ping_status":"closed","sticky":false,"template":"","format":"standard","meta":{"_exactmetrics_skip_tracking":false,"_exactmetrics_sitenote_active":false,"_exactmetrics_sitenote_note":"","_exactmetrics_sitenote_category":0,"footnotes":""},"categories":[10],"tags":[],"class_list":["post-7093","post","type-post","status-publish","format-standard","has-post-thumbnail","hentry","category-noticias"],"_links":{"self":[{"href":"https:\/\/acrj.org.br\/index.php\/wp-json\/wp\/v2\/posts\/7093","targetHints":{"allow":["GET"]}}],"collection":[{"href":"https:\/\/acrj.org.br\/index.php\/wp-json\/wp\/v2\/posts"}],"about":[{"href":"https:\/\/acrj.org.br\/index.php\/wp-json\/wp\/v2\/types\/post"}],"author":[{"embeddable":true,"href":"https:\/\/acrj.org.br\/index.php\/wp-json\/wp\/v2\/users\/1"}],"replies":[{"embeddable":true,"href":"https:\/\/acrj.org.br\/index.php\/wp-json\/wp\/v2\/comments?post=7093"}],"version-history":[{"count":0,"href":"https:\/\/acrj.org.br\/index.php\/wp-json\/wp\/v2\/posts\/7093\/revisions"}],"wp:featuredmedia":[{"embeddable":true,"href":"https:\/\/acrj.org.br\/index.php\/wp-json\/wp\/v2\/media\/7095"}],"wp:attachment":[{"href":"https:\/\/acrj.org.br\/index.php\/wp-json\/wp\/v2\/media?parent=7093"}],"wp:term":[{"taxonomy":"category","embeddable":true,"href":"https:\/\/acrj.org.br\/index.php\/wp-json\/wp\/v2\/categories?post=7093"},{"taxonomy":"post_tag","embeddable":true,"href":"https:\/\/acrj.org.br\/index.php\/wp-json\/wp\/v2\/tags?post=7093"}],"curies":[{"name":"wp","href":"https:\/\/api.w.org\/{rel}","templated":true}]}}