{"id":7028,"date":"2021-03-12T19:11:29","date_gmt":"2021-03-12T22:11:29","guid":{"rendered":"https:\/\/acrj.org.br\/?p=7028"},"modified":"2021-03-15T09:23:56","modified_gmt":"2021-03-15T12:23:56","slug":"angela-costa-participa-de-reuniao-com-governador-sobre-novas-medidas-de-restricao","status":"publish","type":"post","link":"https:\/\/acrj.org.br\/index.php\/2021\/03\/12\/angela-costa-participa-de-reuniao-com-governador-sobre-novas-medidas-de-restricao\/","title":{"rendered":"Angela Costa participa de reuni\u00e3o com governador sobre novas medidas de restri\u00e7\u00e3o"},"content":{"rendered":"\n<p>A presidente da ACRJ, Angela Costa, participou, dia 12\/3, no Pal\u00e1cio Guanabara, da reuni\u00e3o realizada pelo governador em exerc\u00edcio, Claudio Castro, com empres\u00e1rios e prefeitos, incluindo o prefeito do Rio, Eduardo Paes. Na ocasi\u00e3o, foram anunciadas novas medidas contra a Covid-19 no estado que ter\u00e3o a dura\u00e7\u00e3o de uma semana. As novas regras ser\u00e3o publicadas no Di\u00e1rio Oficial e come\u00e7am a valer partir do dia 13 de mar\u00e7o.<\/p>\n\n\n\n<p>Entre as medidas anunciadas est\u00e3o o fechamento de bares e restaurantes \u00e0s 23h; a proibi\u00e7\u00e3o de perman\u00eancia nas vias entre 23h e 5h; o funcionamento do com\u00e9rcio de rua de 8h30 \u00e0s 17h30; e a limita\u00e7\u00e3o de p\u00fablico em diversos estabelecimentos.<\/p>\n\n\n\n<p>Angela Costa destacou ainda que durante a reuni\u00e3o, o governador informou que ser\u00e1 formada uma comiss\u00e3o com os prefeitos para definir o planejamento da vacina\u00e7\u00e3o, a compra da vacina junto com as Prefeituras e a suspens\u00e3o ou n\u00e3o das aulas.<\/p>\n\n\n\n<p>O Rio de janeiro teve um aumento significativo de casos, mas as medidas de precau\u00e7\u00e3o devem ser tomadas, segundo a presidente, para que a situa\u00e7\u00e3o do estado e da cidade n\u00e3o se agrave. \u201cConsideramos que a gest\u00e3o do Governo do Estado, neste momento da crise sanit\u00e1ria, est\u00e1 correta e as medidas adotadas e anunciadas hoje s\u00e3o bastante razo\u00e1veis. \u00c9 uma a\u00e7\u00e3o de preven\u00e7\u00e3o, baseada em aspectos t\u00e9cnicos-cient\u00edficos e n\u00e3o em pol\u00edtica. Parabenizo o governador por ouvir o setor produtivo, atrav\u00e9s dos empres\u00e1rios e dirigentes de federa\u00e7\u00f5es e associa\u00e7\u00f5es. Esta \u00e9 a segunda vez que isso ocorre e \u00e9 muito importante que o governador esteja nos ouvindo\u201d, afirmou.<\/p>\n\n\n\n<p>Al\u00e9m da ACRJ, participaram deste encontro representantes do Sindicato de Bares e Restaurantes do Rio (SindRio), da Fecom\u00e9rcio, do Metr\u00f4Rio, da Associa\u00e7\u00e3o Brasileira de Hot\u00e9is (ABH), da Associa\u00e7\u00e3o de Supermercados do Rio (Asserj), da Associa\u00e7\u00e3o Brasileira de Shoppings (Abrasce), da Supervia e da Firjan. Al\u00e9m de secret\u00e1rios estaduais da Pol\u00edcia Militar, de Transporte, da Casa Civil, de Turismo e de Desenvolvimento Econ\u00f4mico e parlamentares.<\/p>\n\n\n\n<p><strong>Novas regras<\/strong><br>As recomenda\u00e7\u00f5es propostas pelo governo s\u00e3o:<br>\u2022 Vedada a perman\u00eancia nas vias do Estado de 23h \u00e0s 5h<br>\u2022 Com\u00e9rcio nas ruas funcionando de 8h30 \u00e0s 17h30<br>\u2022 Shoppings devem funcionar de 10h30 \u00e0s 22h<br>\u2022 Limitar ocupa\u00e7\u00e3o de eventos, festas e atividades transit\u00f3rias.<br>\u2022 Bares e restaurantes devem fechar \u00e0s 23h<br>\u2022 Pistas de dan\u00e7a devem ficar fechadas<br>\u2022 M\u00fasica ao vivo \u00e9 permitida<br>\u2022 Escalonamento dos servi\u00e7os<br>\u2022 Parques com 50% de ocupa\u00e7\u00e3o<br>\u2022 Academias com 50% de ocupa\u00e7\u00e3o<br>\u2022 \u00d4nibus: aumentar fiscaliza\u00e7\u00e3o, como a\u00e7\u00e3o preventiva<\/p>\n\n\n\n<figure class=\"wp-block-image size-large is-resized\"><img fetchpriority=\"high\" decoding=\"async\" src=\"https:\/\/acrj.org.br\/wp-content\/uploads\/2021\/03\/reuniao-com-governador_foto-Luis-Alavarenga_governo-do-estado_mar21_1-1024x780.jpg\" alt=\"\" class=\"wp-image-7032\" width=\"334\" height=\"252\"\/><\/figure>\n\n\n\n<div class=\"wp-block-group\"><div class=\"wp-block-group__inner-container is-layout-flow wp-block-group-is-layout-flow\">\n<figure class=\"wp-block-image size-large is-resized\"><img decoding=\"async\" src=\"https:\/\/acrj.org.br\/wp-content\/uploads\/2021\/03\/reuniao-com-governador_foto-Luis-Alavarenga_governo-do-estado_mar21_2-1024x683.jpg\" alt=\"\" class=\"wp-image-7033\" width=\"335\" height=\"223\" srcset=\"https:\/\/acrj.org.br\/wp-content\/uploads\/2021\/03\/reuniao-com-governador_foto-Luis-Alavarenga_governo-do-estado_mar21_2-1024x683.jpg 1024w, https:\/\/acrj.org.br\/wp-content\/uploads\/2021\/03\/reuniao-com-governador_foto-Luis-Alavarenga_governo-do-estado_mar21_2-600x400.jpg 600w, https:\/\/acrj.org.br\/wp-content\/uploads\/2021\/03\/reuniao-com-governador_foto-Luis-Alavarenga_governo-do-estado_mar21_2-300x200.jpg 300w, https:\/\/acrj.org.br\/wp-content\/uploads\/2021\/03\/reuniao-com-governador_foto-Luis-Alavarenga_governo-do-estado_mar21_2-768x512.jpg 768w, https:\/\/acrj.org.br\/wp-content\/uploads\/2021\/03\/reuniao-com-governador_foto-Luis-Alavarenga_governo-do-estado_mar21_2-1536x1024.jpg 1536w, https:\/\/acrj.org.br\/wp-content\/uploads\/2021\/03\/reuniao-com-governador_foto-Luis-Alavarenga_governo-do-estado_mar21_2.jpg 2048w\" sizes=\"(max-width: 335px) 100vw, 335px\" \/><\/figure>\n<\/div><\/div>\n\n\n\n<p><strong>Fotos: Luis Alvarenga\/Divulga\u00e7\u00e3o Governo do Estado<\/strong><\/p>\n","protected":false},"excerpt":{"rendered":"<p>A presidente da ACRJ, Angela Costa, participou, dia 12\/3, no Pal\u00e1cio Guanabara, da reuni\u00e3o realizada pelo governador em exerc\u00edcio, Claudio Castro, com empres\u00e1rios e prefeitos,&hellip;<\/p>\n","protected":false},"author":3,"featured_media":7029,"comment_status":"closed","ping_status":"open","sticky":false,"template":"","format":"standard","meta":{"_exactmetrics_skip_tracking":false,"_exactmetrics_sitenote_active":false,"_exactmetrics_sitenote_note":"","_exactmetrics_sitenote_category":0,"footnotes":""},"categories":[6],"tags":[],"class_list":["post-7028","post","type-post","status-publish","format-standard","has-post-thumbnail","hentry","category-destaque_noticias"],"_links":{"self":[{"href":"https:\/\/acrj.org.br\/index.php\/wp-json\/wp\/v2\/posts\/7028","targetHints":{"allow":["GET"]}}],"collection":[{"href":"https:\/\/acrj.org.br\/index.php\/wp-json\/wp\/v2\/posts"}],"about":[{"href":"https:\/\/acrj.org.br\/index.php\/wp-json\/wp\/v2\/types\/post"}],"author":[{"embeddable":true,"href":"https:\/\/acrj.org.br\/index.php\/wp-json\/wp\/v2\/users\/3"}],"replies":[{"embeddable":true,"href":"https:\/\/acrj.org.br\/index.php\/wp-json\/wp\/v2\/comments?post=7028"}],"version-history":[{"count":0,"href":"https:\/\/acrj.org.br\/index.php\/wp-json\/wp\/v2\/posts\/7028\/revisions"}],"wp:featuredmedia":[{"embeddable":true,"href":"https:\/\/acrj.org.br\/index.php\/wp-json\/wp\/v2\/media\/7029"}],"wp:attachment":[{"href":"https:\/\/acrj.org.br\/index.php\/wp-json\/wp\/v2\/media?parent=7028"}],"wp:term":[{"taxonomy":"category","embeddable":true,"href":"https:\/\/acrj.org.br\/index.php\/wp-json\/wp\/v2\/categories?post=7028"},{"taxonomy":"post_tag","embeddable":true,"href":"https:\/\/acrj.org.br\/index.php\/wp-json\/wp\/v2\/tags?post=7028"}],"curies":[{"name":"wp","href":"https:\/\/api.w.org\/{rel}","templated":true}]}}