{"id":7005,"date":"2021-03-12T11:26:31","date_gmt":"2021-03-12T14:26:31","guid":{"rendered":"https:\/\/acrj.org.br\/?p=7005"},"modified":"2021-06-04T10:27:55","modified_gmt":"2021-06-04T13:27:55","slug":"licoes-para-o-novo-normal","status":"publish","type":"post","link":"https:\/\/acrj.org.br\/index.php\/2021\/03\/12\/licoes-para-o-novo-normal\/","title":{"rendered":"LI\u00c7\u00d5ES PARA O \u201cNOVO NORMAL\u201d"},"content":{"rendered":"\n<p><strong>Por Tha\u00eds Chouim (*)<\/strong><\/p>\n\n\n\n<p>2020 foi um ano que n\u00e3o esqueceremos, a COVID-19 emergiu como uma amea\u00e7a \u00e0 sa\u00fade p\u00fablica em todo o mundo. E esta n\u00e3o \u00e9 necessariamente uma amea\u00e7a t\u00e3o inesperada, observando a lista de surtos epid\u00eamicos de doen\u00e7as infecciosas que ocorreram em um passado recente, temos: a Encefalite Espongiforme Bovina em 1986, a Gripe Avi\u00e1ria em 1997, a SARS em 2002, a Gripe Su\u00edna em 2009 e o Ebola em 2014. Uma caracter\u00edstica que elas t\u00eam em comum? Todas trouxeram \u00e0 tona a necessidade de termos um cuidado sanit\u00e1rio cada vez mais eficiente.<\/p>\n\n\n\n<p>De fato, o novo coronav\u00edrus trouxe muitos desafios sociais, econ\u00f4micos e pol\u00edticos. Estamos experimentando o impacto sem precedentes, n\u00e3o apenas na sa\u00fade humana, mas tamb\u00e9m nas economias dos pa\u00edses ao redor do mundo. Com milh\u00f5es de casos e centenas de milhares de mortes relatadas, COVID-19 \u00e9 uma das crises de sa\u00fade mais importantes de nosso tempo e est\u00e1 transformando a forma como todos n\u00f3s abordamos a seguran\u00e7a sanit\u00e1ria, levando a cria\u00e7\u00e3o de um diferente padr\u00e3o de comportamento, um \u201cnovo normal\u201d.<\/p>\n\n\n\n<p>Muitas empresas sucumbiram aos efeitos da pandemia do coronav\u00edrus, o que levou a redu\u00e7\u00e3o dos n\u00edveis de produ\u00e7\u00e3o, do quadro pessoal, dos sal\u00e1rios, das jornadas de trabalho e at\u00e9 suspens\u00e3o dos contratos. A rotina de trabalho foi completamente afetada pela necessidade de ado\u00e7\u00e3o de novos protocolos sanit\u00e1rios e medidas de preven\u00e7\u00e3o.<\/p>\n\n\n\n<p>Segundo dados divulgados pelo Instituto Brasileiro de Geografia e Estat\u00edstica (IBGE), na Pesquisa Pulso Empresa: Impacto da COVID-19 nas Empresas, apurados na segunda quinzena de agosto de 2020, entre as medidas de preven\u00e7\u00e3o da pandemia foram relatadas por 93,1% das empresas a realiza\u00e7\u00e3o de campanhas de informa\u00e7\u00e3o e medidas extras de higiene, 28,6% mudaram o m\u00e9todo de entrega, 25,7% adotaram o trabalho remoto, 20,1% anteciparam f\u00e9rias dos funcion\u00e1rios e 23,8% adiaram o pagamento de impostos.<\/p>\n\n\n\n<p>Pode-se entender que a pandemia acabou por acelerar o processo de transforma\u00e7\u00e3o cultural e digital. Na China, curiosamente tamb\u00e9m o local de origem da crise atual, o ideograma para a palavra crise \u00e9 composto pelas palavras risco e oportunidade (<strong>crise = risco + oportunidade)<\/strong>.Por sobreviv\u00eancia ou em busca de crescimento, as empresas inovaram e utilizaram a tecnologia a seu favor, foram desenvolvidos novos canais, diferentes formas de atuar, processos e parcerias inovadoras, que representaram at\u00e9 uma quebra de paradigmas culturais para muitas.<\/p>\n\n\n\n<p>A pandemia mudou a maneira como usamos a tecnologia, desafiou nossas vis\u00f5es do mundo, instituiu novos valores, e nos ensinou a redefinir prioridades a fim de prevenir ou nos preparar para novas crises. \u00c0 medida que avan\u00e7a, intensifica e torna mais urgente a necessidade das empresas repensarem e reconfigurarem seus neg\u00f3cios para o \u201cnovo normal\u201d. Sem d\u00favida, algumas li\u00e7\u00f5es j\u00e1 foram aprendidas, mas ainda h\u00e1 muito espa\u00e7o e oportunidades que podem trazer melhores pr\u00e1ticas e preparar de forma mais completa as empresas para o \u201cnovo futuro\u201d.<\/p>\n\n\n\n<blockquote class=\"wp-block-quote is-layout-flow wp-block-quote-is-layout-flow\"><p><strong>\u00c9 importante que a mudan\u00e7a cultural n\u00e3o seja um movimento estanque, ela deve ser, em ato cont\u00ednuo, parte fundamental do posicionamento e de suas a\u00e7\u00f5es estrat\u00e9gicas.<\/strong><\/p><\/blockquote>\n\n\n\n<p>Esta pandemia fez com que conhec\u00eassemos uma nova realidade. Precisamos nos preocupar n\u00e3o s\u00f3 em manter as interven\u00e7\u00f5es sanit\u00e1rias adotadas, mas sempre considerar melhores abordagens e estrat\u00e9gias. Embora a necessidade do distanciamento social provavelmente recue lentamente, a boa pr\u00e1tica exigir\u00e1 aten\u00e7\u00e3o crescente e cont\u00ednua aos protocolos sanit\u00e1rios.&nbsp;<\/p>\n\n\n\n<p>Com o prop\u00f3sito de voltar ao trabalho e, ao mesmo tempo, garantir a sa\u00fade e a prote\u00e7\u00e3o dos trabalhadores e contratados, as empresas adotaram medidas de seguran\u00e7a alinhadas com as recomenda\u00e7\u00f5es do governo. A import\u00e2ncia em se ter esse cuidado permanece central, pois a doen\u00e7a persiste ativa, cin\u00e9tica e amea\u00e7adora. Este cuidado ser\u00e1 igualmente importante, sen\u00e3o mais, \u00e0 medida que a tempestade diminuir.<\/p>\n\n\n\n<p>N\u00e3o h\u00e1 espa\u00e7o para compartimentarmos a COVID-19 e esquecermos as medidas adotadas quando a pandemia acabar. O desenvolvimento e a educa\u00e7\u00e3o profissional cont\u00ednua t\u00eam um papel fundamental na manuten\u00e7\u00e3o deste cuidado, e devem incluir a ado\u00e7\u00e3o de um programa de controle sanit\u00e1rio mais amplo, que considere a certifica\u00e7\u00e3o e monitoramento do estabelecimento e de seus colaboradores. Os procedimentos operacionais padr\u00e3o e os manuais de risco dever\u00e3o ser desenvolvidos com estrat\u00e9gias de gerenciamento proativas. <\/p>\n\n\n\n<blockquote class=\"wp-block-quote is-layout-flow wp-block-quote-is-layout-flow\"><p><strong>Considerando este \u201cnovo normal\u201d, \u00e9 fundamental para auxiliar na recupera\u00e7\u00e3o econ\u00f4mica das empresas que o governo e as institui\u00e7\u00f5es financeiras instituam linhas de cr\u00e9dito espec\u00edficas para apoiar a implementa\u00e7\u00e3o e manuten\u00e7\u00e3o das medidas de seguran\u00e7a sanit\u00e1ria.<\/strong><\/p><\/blockquote>\n\n\n\n<p>A gest\u00e3o da qualidade deve envolver um conjunto de medidas a serem implementadas com o objetivo de minimizar os riscos \u00e0 sa\u00fade e \u00e0 seguran\u00e7a e, envolvem a ado\u00e7\u00e3o de controles sanit\u00e1rios qualificados, para os quais muitas empresas ainda n\u00e3o est\u00e3o preparadas. As empresas precisam ter planos r\u00e1pidos e consistentes para lidar com a situa\u00e7\u00e3o. <strong>A seguran\u00e7a do seu ambiente de trabalho n\u00e3o afeta apenas a qualidade dos seus resultados, \u00e9 um reflexo direto da cultura e dos valores da sua empresa.<\/strong> Como consequ\u00eancia de condi\u00e7\u00f5es inseguras de trabalho, podem ocorrer interrup\u00e7\u00f5es em toda a cadeia produtiva e, principalmente, afetar a forma como seus clientes o percebem.<\/p>\n\n\n\n<p><strong>A\u00c7\u00d5ES PREVENTIVAS X A\u00c7\u00d5ES REATIVAS<\/strong><\/p>\n\n\n\n<p>No Brasil ainda h\u00e1 empresas que agem de forma reativa diante das regulamenta\u00e7\u00f5es e exig\u00eancias dos \u00f3rg\u00e3os sanit\u00e1rios.Os Programas de Autocontrole (PAC) constituem um conjunto de medidas preventivas que tem por objetivo a detec\u00e7\u00e3o e a corre\u00e7\u00e3o de problemas antes da percep\u00e7\u00e3o de seus efeitos.<\/p>\n\n\n\n<p>A implementa\u00e7\u00e3o de um programa de autocontrole ajuda a mitigar os seguintes riscos:<\/p>\n\n\n\n<ul class=\"wp-block-list\"><li>Ado\u00e7\u00e3o de a\u00e7\u00f5es corretivas n\u00e3o planejadas e ineficientes;<\/li><li>N\u00e3o adequa\u00e7\u00e3o \u00e0s normas sanit\u00e1rias, possibilitando a ocorr\u00eancia de infra\u00e7\u00f5es e interdi\u00e7\u00f5es;<\/li><li>Desvaloriza\u00e7\u00e3o da imagem da empresa perante os colaboradores e demais stakeholders;<\/li><li>Aumento da perda de produtos, prejudicando o resultado operacional;<\/li><li>Agravos \u00e0 sa\u00fade dos colaboradores.<\/li><li>Diminui\u00e7\u00e3o da percep\u00e7\u00e3o de valor e abandono de clientes;<\/li><\/ul>\n\n\n\n<p>Esta metodologia \u00e9 aplic\u00e1vel nos diversos setores do com\u00e9rcio, ind\u00fastria e servi\u00e7os e deve ser encarada como um investimento, com potencial de gerar retorno financeiro e aumento na percep\u00e7\u00e3o de valor para a empresa \u00e0 medida que minimiza a ocorr\u00eancia de eventos negativos.<\/p>\n\n\n\n<p><strong>O QUE VOC\u00ca PODE FAZER AGORA<\/strong><\/p>\n\n\n\n<p>Identifique quais percep\u00e7\u00f5es organizacionais o processo de crise forneceu para ajud\u00e1-lo a criar estrat\u00e9gias e a\u00e7\u00f5es que v\u00e3o capitalizar a oportunidade de transforma\u00e7\u00e3o e adequa\u00e7\u00e3o.<\/p>\n\n\n\n<p>Possua uma gest\u00e3o proativa de desempenho, com uma compreens\u00e3o clara da cultura e pr\u00e1ticas de sa\u00fade e seguran\u00e7a sanit\u00e1ria, promovendo um ambiente de trabalho seguro e saud\u00e1vel.<\/p>\n\n\n\n<p>Potencialize sua equipe de gest\u00e3o de crises para criar planos de conting\u00eancia que mobilizem seus esfor\u00e7os de resposta no in\u00edcio de eventuais crises futuras.<\/p>\n\n\n\n<p>Defina a seguran\u00e7a sanit\u00e1ria como um pilar de qualidade da sua empresa, com a implanta\u00e7\u00e3o de procedimentos operacionais especializados e manuais de risco. Aumente assim a percep\u00e7\u00e3o de valor dos clientes sobre a sua marca.<\/p>\n\n\n\n<p>Certifique-se de que seus fornecedores compartilham a mesma abordagem rigorosa para proteger funcion\u00e1rios e contratados. \u00c9 importante reconhecer que, assim como a for\u00e7a de trabalho interna, as empresas contratadas que acessam as instala\u00e7\u00f5es dever\u00e3o adotar as mesmas pol\u00edticas, e seu cumprimento pode representar um desafio ainda maior.<\/p>\n\n\n\n<p>Adote a execu\u00e7\u00e3o de auditorias sanit\u00e1rias peri\u00f3dicas para garantir a adequa\u00e7\u00e3o de seus processos e propiciar a corre\u00e7\u00e3o de eventuais desvios que possam estar ocasionando perdas operacionais ou riscos sanit\u00e1rios.<\/p>\n\n\n\n<p>Busque o apoio de uma consultoria especializada em protocolos sanit\u00e1rios e capacita\u00e7\u00e3o t\u00e9cnica para ajud\u00e1-lo na miss\u00e3o de mitigar os riscos relacionados \u00e0 seguran\u00e7a sanit\u00e1ria.<\/p>\n\n\n\n<p>Essas a\u00e7\u00f5es propiciar\u00e3o que a sua empresa esteja em total conformidade legal e v\u00e3o ajudar n\u00e3o s\u00f3 na preven\u00e7\u00e3o de perdas financeiras e de imagem, mas tamb\u00e9m no aumento da qualidade sanit\u00e1ria do ambiente de trabalho, de seus produtos e servi\u00e7os e da percep\u00e7\u00e3o de valor de seus clientes.<\/p>\n\n\n\n<p>Em um curto per\u00edodo, conquistamos uma consci\u00eancia global, reiteramos a import\u00e2ncia de um simples ditado, \u201c\u00e9 melhor prevenir do que remediar\u201d, que preparou a humanidade para lutar e combater esta pandemia. Ressignificamos o que pensamos sobre sa\u00fade e nos preparamos para a doen\u00e7a. Estamos tendo a oportunidade de melhorar nossas instala\u00e7\u00f5es e infraestrutura e, acima de tudo, aprender a estar mais bem preparados para o futuro.<\/p>\n\n\n\n<p><strong>(*) Diretora-t\u00e9cnica e CEO da empresa Confiance Seguran\u00e7a Sanit\u00e1ria. Doutora em Biologia Parasit\u00e1ria pela Funda\u00e7\u00e3o Oswaldo Cruz. <\/strong><\/p>\n","protected":false},"excerpt":{"rendered":"<p>Por Tha\u00eds Chouim (*)<br \/>\n2020 foi um ano que n\u00e3o esqueceremos, a COVID-19 emergiu como uma amea\u00e7a \u00e0 sa\u00fade p\u00fablica em todo o mundo. <\/p>\n","protected":false},"author":3,"featured_media":7014,"comment_status":"closed","ping_status":"closed","sticky":false,"template":"","format":"standard","meta":{"_exactmetrics_skip_tracking":false,"_exactmetrics_sitenote_active":false,"_exactmetrics_sitenote_note":"","_exactmetrics_sitenote_category":0,"footnotes":""},"categories":[12],"tags":[],"class_list":["post-7005","post","type-post","status-publish","format-standard","has-post-thumbnail","hentry","category-artigos"],"_links":{"self":[{"href":"https:\/\/acrj.org.br\/index.php\/wp-json\/wp\/v2\/posts\/7005","targetHints":{"allow":["GET"]}}],"collection":[{"href":"https:\/\/acrj.org.br\/index.php\/wp-json\/wp\/v2\/posts"}],"about":[{"href":"https:\/\/acrj.org.br\/index.php\/wp-json\/wp\/v2\/types\/post"}],"author":[{"embeddable":true,"href":"https:\/\/acrj.org.br\/index.php\/wp-json\/wp\/v2\/users\/3"}],"replies":[{"embeddable":true,"href":"https:\/\/acrj.org.br\/index.php\/wp-json\/wp\/v2\/comments?post=7005"}],"version-history":[{"count":0,"href":"https:\/\/acrj.org.br\/index.php\/wp-json\/wp\/v2\/posts\/7005\/revisions"}],"wp:featuredmedia":[{"embeddable":true,"href":"https:\/\/acrj.org.br\/index.php\/wp-json\/wp\/v2\/media\/7014"}],"wp:attachment":[{"href":"https:\/\/acrj.org.br\/index.php\/wp-json\/wp\/v2\/media?parent=7005"}],"wp:term":[{"taxonomy":"category","embeddable":true,"href":"https:\/\/acrj.org.br\/index.php\/wp-json\/wp\/v2\/categories?post=7005"},{"taxonomy":"post_tag","embeddable":true,"href":"https:\/\/acrj.org.br\/index.php\/wp-json\/wp\/v2\/tags?post=7005"}],"curies":[{"name":"wp","href":"https:\/\/api.w.org\/{rel}","templated":true}]}}