{"id":6901,"date":"2021-02-26T17:11:40","date_gmt":"2021-02-26T20:11:40","guid":{"rendered":"https:\/\/acrj.org.br\/?p=6901"},"modified":"2021-02-26T17:13:00","modified_gmt":"2021-02-26T20:13:00","slug":"acordo-inedito-da-vale-com-governo-mineiro-e-tema-da-reuniao-do-conselho-juridico-e-estrategico","status":"publish","type":"post","link":"https:\/\/acrj.org.br\/index.php\/2021\/02\/26\/acordo-inedito-da-vale-com-governo-mineiro-e-tema-da-reuniao-do-conselho-juridico-e-estrategico\/","title":{"rendered":"Acordo in\u00e9dito da Vale com governo mineiro \u00e9 tema da reuni\u00e3o do Conselho Jur\u00eddico e Estrat\u00e9gico"},"content":{"rendered":"\n<p>O secret\u00e1rio de Estado de Planejamento de Minas Gerais, Otto Levy, foi o convidado da primeira reuni\u00e3o de 2021 do Conselho Empresarial Jur\u00eddico e Estrat\u00e9gico da ACRJ, realizada dia 26\/2. O secret\u00e1rio falou sobre o acordo in\u00e9dito de indeniza\u00e7\u00e3o no valor de R$ 37,7 bilh\u00f5es, firmado entre a mineradora Vale e o governo de Minas Gerais, para repara\u00e7\u00e3o do desastre em Brumadinho. O acordo foi assinado no dia 4\/2 e homologado judicialmente pelo Tribunal de Justi\u00e7a de Minas Gerais (TJMG).<\/p>\n\n\n\n<p>Neste valor, segundo o secret\u00e1rio, n\u00e3o est\u00e3o inclu\u00eddos as a\u00e7\u00f5es penais e trabalhistas e os direitos individuais dos atingidos, somente os danos socioecon\u00f4micos e ambientais. Levy foi o articulador deste que \u00e9 considerado o maior acordo de repara\u00e7\u00e3o da hist\u00f3ria do Brasil.<\/p>\n\n\n\n<p>Perguntado pelo presidente do Conselho, D\u00e9cio Freire, sobre o saneamento das contas do Estado com a entrada deste recurso no caixa do Governo, Otto Levy adiantou que o acordo prev\u00ea o uso somente para investimentos. \u201cO dinheiro s\u00f3 pode ser usado para investimentos e n\u00e3o para custeios, mas acredito que contribuir\u00e1 para diminuir o desemprego e aumentar a arrecada\u00e7\u00e3o. A previs\u00e3o \u00e9 de que cerca de R$ 30 bilh\u00f5es entrar\u00e3o na economia do estado de Minas atrav\u00e9s das obras que ser\u00e3o realizadas, contribuindo para a gera\u00e7\u00e3o de 360 mil empregos, e ainda aumentando a arrecada\u00e7\u00e3o\u201d, ressaltou.<\/p>\n\n\n\n<p>De acordo com secret\u00e1rio, o recurso ser\u00e1 aplicado para a constru\u00e7\u00e3o do Anel Vi\u00e1rio na regi\u00e3o metropolitana de Belo Horizonte e de cinco hospitais regionais, al\u00e9m de reformas de estradas e escolas, renova\u00e7\u00e3o da frota de helic\u00f3pteros do Corpo de Bombeiros e da Pol\u00edcia Militar, entre outras a\u00e7\u00f5es. E adiantou que em breve ser\u00e1 criado um site para dar transpar\u00eancia ao uso do recurso nos investimentos previstos pelo governo do estado de Minas Gerais.<\/p>\n\n\n\n<p>O acordo \u00e9 resultado de meses de negocia\u00e7\u00f5es, precedidas da realiza\u00e7\u00e3o de cinco Audi\u00eancias P\u00fablicas com a participa\u00e7\u00e3o de 17 mil atingidos, al\u00e9m de reuni\u00f5es com os prefeitos dos munic\u00edpios afetados, diversos \u00f3rg\u00e3os do governo e entidades. \u201cForam muitos encontros e discuss\u00f5es para a constru\u00e7\u00e3o de uma solu\u00e7\u00e3o at\u00e9 chegar a este valor acordado\u201d, afirmou Levy.<\/p>\n\n\n\n<figure class=\"wp-block-image size-large is-resized\"><img fetchpriority=\"high\" decoding=\"async\" src=\"https:\/\/acrj.org.br\/wp-content\/uploads\/2021\/02\/CE-Juridico-1024x387.png\" alt=\"\" class=\"wp-image-6902\" width=\"533\" height=\"201\" srcset=\"https:\/\/acrj.org.br\/wp-content\/uploads\/2021\/02\/CE-Juridico-1024x387.png 1024w, https:\/\/acrj.org.br\/wp-content\/uploads\/2021\/02\/CE-Juridico-600x227.png 600w, https:\/\/acrj.org.br\/wp-content\/uploads\/2021\/02\/CE-Juridico-300x113.png 300w, https:\/\/acrj.org.br\/wp-content\/uploads\/2021\/02\/CE-Juridico-768x290.png 768w, https:\/\/acrj.org.br\/wp-content\/uploads\/2021\/02\/CE-Juridico.png 1240w\" sizes=\"(max-width: 533px) 100vw, 533px\" \/><\/figure>\n","protected":false},"excerpt":{"rendered":"<p>O secret\u00e1rio de Estado de Planejamento de Minas Gerais, Otto Levy, foi o convidado da primeira reuni\u00e3o de 2021 do Conselho Empresarial Jur\u00eddico e Estrat\u00e9gico&hellip;<\/p>\n","protected":false},"author":3,"featured_media":6903,"comment_status":"closed","ping_status":"closed","sticky":false,"template":"","format":"standard","meta":{"_exactmetrics_skip_tracking":false,"_exactmetrics_sitenote_active":false,"_exactmetrics_sitenote_note":"","_exactmetrics_sitenote_category":0,"footnotes":""},"categories":[10],"tags":[],"class_list":["post-6901","post","type-post","status-publish","format-standard","has-post-thumbnail","hentry","category-noticias"],"_links":{"self":[{"href":"https:\/\/acrj.org.br\/index.php\/wp-json\/wp\/v2\/posts\/6901","targetHints":{"allow":["GET"]}}],"collection":[{"href":"https:\/\/acrj.org.br\/index.php\/wp-json\/wp\/v2\/posts"}],"about":[{"href":"https:\/\/acrj.org.br\/index.php\/wp-json\/wp\/v2\/types\/post"}],"author":[{"embeddable":true,"href":"https:\/\/acrj.org.br\/index.php\/wp-json\/wp\/v2\/users\/3"}],"replies":[{"embeddable":true,"href":"https:\/\/acrj.org.br\/index.php\/wp-json\/wp\/v2\/comments?post=6901"}],"version-history":[{"count":0,"href":"https:\/\/acrj.org.br\/index.php\/wp-json\/wp\/v2\/posts\/6901\/revisions"}],"wp:featuredmedia":[{"embeddable":true,"href":"https:\/\/acrj.org.br\/index.php\/wp-json\/wp\/v2\/media\/6903"}],"wp:attachment":[{"href":"https:\/\/acrj.org.br\/index.php\/wp-json\/wp\/v2\/media?parent=6901"}],"wp:term":[{"taxonomy":"category","embeddable":true,"href":"https:\/\/acrj.org.br\/index.php\/wp-json\/wp\/v2\/categories?post=6901"},{"taxonomy":"post_tag","embeddable":true,"href":"https:\/\/acrj.org.br\/index.php\/wp-json\/wp\/v2\/tags?post=6901"}],"curies":[{"name":"wp","href":"https:\/\/api.w.org\/{rel}","templated":true}]}}