{"id":6865,"date":"2021-02-22T18:39:10","date_gmt":"2021-02-22T21:39:10","guid":{"rendered":"https:\/\/acrj.org.br\/?p=6865"},"modified":"2021-02-22T18:39:11","modified_gmt":"2021-02-22T21:39:11","slug":"a-favor-do-supremo","status":"publish","type":"post","link":"https:\/\/acrj.org.br\/index.php\/2021\/02\/22\/a-favor-do-supremo\/","title":{"rendered":"A favor do Supremo"},"content":{"rendered":"\n<p>Por Joaquim Falc\u00e3o (*)<\/p>\n\n\n\n<p>No incerto come\u00e7o, o governo Bolsonaro tentou. Pregaram: \u201cBastam um soldado e um cabo para fechar o STF\u201d. Incitaram os quart\u00e9is proclamando na sua frente: \u201cEu sou, realmente, a Constitui\u00e7\u00e3o\u201d. Hackers amea\u00e7aram a privacidade dos ministros e seus parentes. Estimularam protestos na Pra\u00e7a dos Tr\u00eas Poderes. Pegou o pa\u00eds desprevenido. Assustou a democracia. Mas n\u00e3o deu certo.<\/p>\n\n\n\n<p>Em compensa\u00e7\u00e3o, revelou parte importante do projeto de poder. Que foi e est\u00e1 sendo constru\u00eddo. \u00c0s vezes, na noite das redes. Em vez de Supremo independente, pretende-se Supremo dependente. Apenas aparente. Existe, mas n\u00e3o vive. Quando vive, respira o ar que lhe sopra o Planalto.<\/p>\n\n\n\n<p>Esse projeto \u00e9 permanente. S\u00f3 vai parar nas pr\u00f3ximas elei\u00e7\u00f5es. Vai se agravar enquanto as pesquisas eleitorais, seja da \u201cFolha\u201d ou do Ipespe, mostrarem que Sergio Moro o vence. Moro \u00e9 sua assombra\u00e7\u00e3o diurna. Nesse contexto, inserem-se a viol\u00eancia do deputado Daniel Silveira e suas consequ\u00eancias.<\/p>\n\n\n\n<p>De imediato, muda a pauta do Brasil. Ainda que instantaneamente. Antes voltada para vacinas e a incapacidade do governo em lidar com o problema. E a tentativa no Supremo de criminalizar o presidente e seu ministro da Sa\u00fade pelas mortes ocorridas. Por algum tempo, a pauta ser\u00e1 um poss\u00edvel conflito entre Supremo e Congresso. E viol\u00eancia de militantes extremistas.<\/p>\n\n\n\n<p>L\u00edder n\u00e3o \u00e9 apenas o que tem mais coragem. Mais for\u00e7a f\u00edsica. Ou \u00e9 mais inteligente. L\u00edder no s\u00e9culo digital \u00e9 quem cria e comanda o clima. No caso, a pauta do pa\u00eds. O presidente Bolsonaro \u00e9 obcecado por estar na m\u00eddia. Paut\u00e1-la e control\u00e1-la.<\/p>\n\n\n\n<p>Bertrand Russell, Pr\u00eamio Nobel de Literatura, explica essa obsess\u00e3o de maneira quase psicanal\u00edtica. A vaidade do poder cresce com aquilo que a alimenta. Quanto mais falado for, mais o presidente desejar\u00e1 s\u00ea-lo. Mais vaidoso ser\u00e1. Maior o indicador de sua import\u00e2ncia.<\/p>\n\n\n\n<p>\u00c9 quase como crian\u00e7a que precisa de permanente aten\u00e7\u00e3o. \u201cOlhem, eu estou aqui!\u201d, \u201cN\u00e3o se esque\u00e7am de mim!\u201d, \u201cLembrem-se!\u201d. Seria uma esp\u00e9cie de excita\u00e7\u00e3o permanente com o poder. Sempre necessitando da demonstra\u00e7\u00e3o de pot\u00eancia. Segundo Russell.<\/p>\n\n\n\n<p>Em vez de \u201ceu sou a Constitui\u00e7\u00e3o\u201d, diria \u201ceu sou a comunica\u00e7\u00e3o\u201d.<\/p>\n\n\n\n<p>Desinstitucionalizar e privatizar os \u00f3rg\u00e3os democr\u00e1ticos de controle do poder \u00e9 objetivo maior. O controle sou eu. O acionista majorit\u00e1rio sou eu. Favor n\u00e3o incomodar.<\/p>\n\n\n\n<p>Infelizmente, enquanto 11 ministros falarem cada um por si e se autodisputarem fora dos autos, contribuir\u00e3o para essa estrat\u00e9gia.<\/p>\n\n\n\n<p>Nada mais indicador da neutraliza\u00e7\u00e3o dos \u00f3rg\u00e3os de controle do que o fato de Daniel Silveira dizer j\u00e1 ter sido preso 90 vezes.<\/p>\n\n\n\n<p>Nada mais dif\u00edcil para a opini\u00e3o p\u00fablica entender que a prova il\u00edcita pode ser considerada l\u00edcita. Nada mais arriscado do que o Supremo tentar dar o visto como n\u00e3o visto. Como bem alega o ministro Lu\u00eds Roberto Barroso. De tentar sequestrar a verdade. De esconder imagens com palavras pretensiosamente t\u00e9cnicas.<\/p>\n\n\n\n<p>Viol\u00eancia \u00e9 g\u00eanero. A viol\u00eancia verbal de Daniel Silveira contra o Supremo, por meio de seus ministros, e a psicol\u00f3gica, contra a Rep\u00fablica, s\u00e3o tipos claros.<\/p>\n\n\n\n<p>Para alguma coisa serviu. Explicitou o inc\u00f4modo de todos os ministros com a desinstitucionaliza\u00e7\u00e3o em curso. Crescente mal-estar no ar. Sil\u00eancios se movem. Nunca tantos brasileiros dependeram de t\u00e3o poucos. Que tenham a ousadia da coragem democr\u00e1tica. Apoi\u00e1-los \u00e9 preciso.<\/p>\n\n\n\n<p>Alexandre de Moraes uniu e n\u00e3o permitiu que capturassem a independ\u00eancia do Supremo. A independ\u00eancia \u00e9 sua honra maior. Shakespeare diria que quem rouba a honra alheia n\u00e3o aumenta a sua. Nem o estado democr\u00e1tico de direito.<\/p>\n\n\n\n<p>O Supremo falou. O Congresso vai falar. E, pela fala, ser\u00e1 julgado pelos eleitores que representa. Vai enviar para a Comiss\u00e3o de \u00c9tica da qual Silveira \u00e9 membro? E que est\u00e1 h\u00e1 11 meses sem funcionar? E nem consegue julgar a deputada Flordelis?<\/p>\n\n\n\n<p>A queda de bra\u00e7o n\u00e3o \u00e9, neste momento, entre o Supremo e o Congresso. \u00c9 entre o Congresso e seu deputado Daniel Silveira e a viol\u00eancia que ele representa. Ser\u00e1 capaz ou n\u00e3o de controlar agress\u00f5es \u00e0 democracia? Vai tamb\u00e9m ser \u00f3rg\u00e3o de controle sem autocontrole?<\/p>\n\n\n\n<p>Depois do Congresso, o Supremo fala outra vez.<\/p>\n\n\n\n<p>(*) Benem\u00e9rito da ACRJ.<\/p>\n\n\n\n<p><em><strong>Publicado no Jornal&nbsp;O Globo no dia 18 de fevereiro de 2021.<\/strong><\/em><\/p>\n","protected":false},"excerpt":{"rendered":"<p>Por Joaquim Falc\u00e3o (*)<br \/>\nNo incerto come\u00e7o, o governo Bolsonaro tentou. <\/p>\n","protected":false},"author":3,"featured_media":6866,"comment_status":"closed","ping_status":"closed","sticky":false,"template":"","format":"standard","meta":{"_exactmetrics_skip_tracking":false,"_exactmetrics_sitenote_active":false,"_exactmetrics_sitenote_note":"","_exactmetrics_sitenote_category":0,"footnotes":""},"categories":[12],"tags":[],"class_list":["post-6865","post","type-post","status-publish","format-standard","has-post-thumbnail","hentry","category-artigos"],"_links":{"self":[{"href":"https:\/\/acrj.org.br\/index.php\/wp-json\/wp\/v2\/posts\/6865","targetHints":{"allow":["GET"]}}],"collection":[{"href":"https:\/\/acrj.org.br\/index.php\/wp-json\/wp\/v2\/posts"}],"about":[{"href":"https:\/\/acrj.org.br\/index.php\/wp-json\/wp\/v2\/types\/post"}],"author":[{"embeddable":true,"href":"https:\/\/acrj.org.br\/index.php\/wp-json\/wp\/v2\/users\/3"}],"replies":[{"embeddable":true,"href":"https:\/\/acrj.org.br\/index.php\/wp-json\/wp\/v2\/comments?post=6865"}],"version-history":[{"count":0,"href":"https:\/\/acrj.org.br\/index.php\/wp-json\/wp\/v2\/posts\/6865\/revisions"}],"wp:featuredmedia":[{"embeddable":true,"href":"https:\/\/acrj.org.br\/index.php\/wp-json\/wp\/v2\/media\/6866"}],"wp:attachment":[{"href":"https:\/\/acrj.org.br\/index.php\/wp-json\/wp\/v2\/media?parent=6865"}],"wp:term":[{"taxonomy":"category","embeddable":true,"href":"https:\/\/acrj.org.br\/index.php\/wp-json\/wp\/v2\/categories?post=6865"},{"taxonomy":"post_tag","embeddable":true,"href":"https:\/\/acrj.org.br\/index.php\/wp-json\/wp\/v2\/tags?post=6865"}],"curies":[{"name":"wp","href":"https:\/\/api.w.org\/{rel}","templated":true}]}}