{"id":6860,"date":"2021-02-23T09:00:00","date_gmt":"2021-02-23T12:00:00","guid":{"rendered":"https:\/\/acrj.org.br\/?p=6860"},"modified":"2021-02-22T18:41:30","modified_gmt":"2021-02-22T21:41:30","slug":"dia-internacional-da-etica","status":"publish","type":"post","link":"https:\/\/acrj.org.br\/index.php\/2021\/02\/23\/dia-internacional-da-etica\/","title":{"rendered":"DIA INTERNACIONAL DA \u00c9TICA"},"content":{"rendered":"\n<p><strong>Por Aroldo Ara\u00fajo<\/strong> (*)<\/p>\n\n\n\n<p>Artigo em comemora\u00e7\u00e3o ao Dia Internacional da \u00c9tica (23 de fevereiro)<\/p>\n\n\n\n<p>Em tempos de pandemia, onde o mundo busca desesperadamente se livrar de uma doen\u00e7a que vem ceifando vidas, convivemos passivamente, incluindo o Brasil, quando nos defrontamos diariamente com not\u00edcias de esc\u00e2ndalos de corrup\u00e7\u00e3o desenfreada. Uma vacina t\u00e3o pouco testada e que poderia salvar tantas vidas que se perdem diuturnamente com uma praga t\u00e3o devastadora, e muito mais longeva do que a Covid 19.<\/p>\n\n\n\n<p>Essa milagrosa vacina, que prescinde de aprova\u00e7\u00e3o de Ag\u00eancias Reguladoras, chama-se \u00c9TICA.<\/p>\n\n\n\n<p>Desde 1986 um grupo de brasileiros, denominados Amigos da \u00c9tica, comandados por mim, que tem por objetivo repensar a \u00c9TICA no Brasil, lan\u00e7am a campanha \u201c\u00c9TICA \u2013 Um princ\u00edpio que n\u00e3o pode ter fim\u201d.<\/p>\n\n\n\n<p>Quando se aproxima o dia 23 de fevereiro, data em que se comemora o Dia Internacional da \u00c9tica, conclamamos a popula\u00e7\u00e3o brasileira e mundial que se inoculem com a vacina dos conceitos \u00e9ticos, criando os anticorpos que gradativamente ir\u00e3o combater o v\u00edrus da corrup\u00e7\u00e3o, e consequentemente o descaso com bem comum.<\/p>\n\n\n\n<p>No texto a seguir transcrito, de autoria do Amigo da \u00c9tica, Ant\u00f4nio Joaquim Coelho da Cunha, \u00e9 descrita a trajet\u00f3ria e o surgimento do Dia internacional da \u00c9tica.<\/p>\n\n\n\n<p><strong>Como surgiu o Dia Internacional da \u00c9tica?<\/strong><\/p>\n\n\n\n<p>Os pesquisadores das gera\u00e7\u00f5es futuras ter\u00e3o a curiosidade de saber como surgiu o Dia Internacional da \u00c9tica. E muitos ser\u00e3o os indicadores que passar\u00e3o por diversas organiza\u00e7\u00f5es. Do Brasil e at\u00e9 de fora do Brasil, como o Centro Internacional da \u00c9tica CIME, nos Estados Unidos, que indica o dia 19 do m\u00eas de setembro como o dia ideal para a comemora\u00e7\u00e3o, alegando como objetivo de o evento anual mobilizar os profissionais da m\u00eddia, especialistas em tecnologia da informa\u00e7\u00e3o, blogueiros, estudantes e cidad\u00e3os interessados para discutir dilemas \u00e9ticos localmente.<\/p>\n\n\n\n<p>No Brasil, tudo come\u00e7ou em 1986 pela iniciativa do publicit\u00e1rio associado do Rotary Club Rio de Janeiro, chamado Aroldo Ara\u00fajo, com a cria\u00e7\u00e3o: \u201c\u00c9tica. Um princ\u00edpio que n\u00e3o pode ter fim\u201d, com a ades\u00e3o imediata dos demais clubes do Distrito 4570, qui\u00e7\u00e1 dos 38 Distritos rot\u00e1rios do Brasil. E o movimento foi crescendo e criando adeptos em torno da ideia. E todos, em seus papeis de correspond\u00eancias, boletins, relat\u00f3rios, passaram a fazer men\u00e7\u00e3o: \u00c9tica. Um Princ\u00edpio que n\u00e3o pode ter fim.<\/p>\n\n\n\n<p>No Rotary Club Rio de Janeiro, em 2004, sob a presid\u00eancia de Ivo Bosch Vieira e tendo os companheiros Guilhermino da Silva Cunha e Paulo C\u00e9sar Tinoco como presidentes, respectivamente, das Comiss\u00f5es: \u201cPermanente de Servi\u00e7os Profissionais\u201d e \u201c\u00c9tica e Cidadania\u201d, foi publicado o livro com os principais C\u00f3digos de \u00c9tica. A publica\u00e7\u00e3o criou destaque para os c\u00f3digos das seguintes profiss\u00f5es: Administrador, Advogado, Agente de Viagens, Antrop\u00f3logo, Arque\u00f3logo, Assistente Social, Bibliotec\u00e1rio, Bi\u00f3logo, Contabilista, Dentista, Enfermeiro, Engenheiro, Arquiteto, Agr\u00f4nomo, Farmac\u00eautico, Fisioterapeuta, Fonoaudi\u00f3logo, Jornalista, M\u00e9dico, Muse\u00f3logo, M\u00fasico, Nutricionista, Parlamentar, Profissional de Propaganda, Psic\u00f3logo, Qu\u00edmico, Rela\u00e7\u00f5es P\u00fablicas, Religiosos (Pastores e Ministros Evang\u00e9licos, Padres e Bispos, Rabinos e L\u00edderes Religiosos), Representante Comercial, Servidor P\u00fablico, Soci\u00f3logo, Veterin\u00e1rio, Zoot\u00e9cnico.<\/p>\n\n\n\n<p>A partir de 2010 surgiu a ades\u00e3o da Mitra Diocesana e da Associa\u00e7\u00e3o Comercial, em parceria com os clubes de Rotary \u2013 Distrito 4570. O presidente da ACRJ na ocasi\u00e3o, Antenor Barros Leal, outro rotariano filiado ao Rotary Club Copacabana, sensibilizado pelo trabalho de seu conterr\u00e2neo cearense, Aroldo Ara\u00fajo, depois de marcantes eventos na ACRJ, entregou ao diretor do Programa das Na\u00e7\u00f5es Unidas para o Desenvolvimento na Am\u00e9rica Latina e Caribe (PNUD), Heraldo Mu\u00f1oz, proposta de cria\u00e7\u00e3o do Dia Internacional da \u00c9tica.&nbsp;<\/p>\n\n\n\n<p>Durante a reuni\u00e3o, em Nova York, o companheiro Antenor Barros Leal afirmou que a iniciativa seria \u00fatil para o avan\u00e7o das transa\u00e7\u00f5es comerciais internacionais e a coopera\u00e7\u00e3o com a ONU ser\u00e1 importante para o desenvolvimento dos neg\u00f3cios. O encontro foi not\u00edcia na R\u00e1dio e no Portal da ONU. A Campanha teve novo lan\u00e7amento, no dia 18 de setembro de 2013, durante almo\u00e7o promovido pelo Rotary Club RJ, na sede da ACRJ.<\/p>\n\n\n\n<p>Vale o destaque para a exposi\u00e7\u00e3o de motivos sugerida \u00e0 ONU pela ACRJ fundamentando a cria\u00e7\u00e3o do Dia Internacional da \u00c9tica: a Associa\u00e7\u00e3o Comercial do Rio de Janeiro lidera, ao lado do Rotary Club Rio de Janeiro, a campanha \u201c\u00c9tica: um princ\u00edpio que n\u00e3o pode ter fim\u201d. Criada pelo benem\u00e9rito da ACRJ, o publicit\u00e1rio rotariano Aroldo Ara\u00fajo, mesmo criador do bem sucedido movimento que elegeu o monumento do Cristo Redentor do Corcovado uma das Sete Maravilhas do Mundo Moderno, a campanha foi lan\u00e7ada no dia 18 de setembro de 2013, durante almo\u00e7o promovido pelo Rotary Club RJ, na sede da ACRJ.<\/p>\n\n\n\n<p>(*)<strong>Benem\u00e9rito da ACRJ<\/strong><\/p>\n","protected":false},"excerpt":{"rendered":"<p>Por Aroldo Ara\u00fajo (*)<br \/>\nArtigo em comemora\u00e7\u00e3o ao Dia Internacional da \u00c9tica (23 de fevereiro)<\/p>\n","protected":false},"author":1,"featured_media":6863,"comment_status":"closed","ping_status":"closed","sticky":false,"template":"","format":"standard","meta":{"_exactmetrics_skip_tracking":false,"_exactmetrics_sitenote_active":false,"_exactmetrics_sitenote_note":"","_exactmetrics_sitenote_category":0,"footnotes":""},"categories":[12],"tags":[],"class_list":["post-6860","post","type-post","status-publish","format-standard","has-post-thumbnail","hentry","category-artigos"],"_links":{"self":[{"href":"https:\/\/acrj.org.br\/index.php\/wp-json\/wp\/v2\/posts\/6860","targetHints":{"allow":["GET"]}}],"collection":[{"href":"https:\/\/acrj.org.br\/index.php\/wp-json\/wp\/v2\/posts"}],"about":[{"href":"https:\/\/acrj.org.br\/index.php\/wp-json\/wp\/v2\/types\/post"}],"author":[{"embeddable":true,"href":"https:\/\/acrj.org.br\/index.php\/wp-json\/wp\/v2\/users\/1"}],"replies":[{"embeddable":true,"href":"https:\/\/acrj.org.br\/index.php\/wp-json\/wp\/v2\/comments?post=6860"}],"version-history":[{"count":0,"href":"https:\/\/acrj.org.br\/index.php\/wp-json\/wp\/v2\/posts\/6860\/revisions"}],"wp:featuredmedia":[{"embeddable":true,"href":"https:\/\/acrj.org.br\/index.php\/wp-json\/wp\/v2\/media\/6863"}],"wp:attachment":[{"href":"https:\/\/acrj.org.br\/index.php\/wp-json\/wp\/v2\/media?parent=6860"}],"wp:term":[{"taxonomy":"category","embeddable":true,"href":"https:\/\/acrj.org.br\/index.php\/wp-json\/wp\/v2\/categories?post=6860"},{"taxonomy":"post_tag","embeddable":true,"href":"https:\/\/acrj.org.br\/index.php\/wp-json\/wp\/v2\/tags?post=6860"}],"curies":[{"name":"wp","href":"https:\/\/api.w.org\/{rel}","templated":true}]}}