{"id":6811,"date":"2021-02-10T16:36:14","date_gmt":"2021-02-10T19:36:14","guid":{"rendered":"https:\/\/acrj.org.br\/?p=6811"},"modified":"2021-02-10T19:09:04","modified_gmt":"2021-02-10T22:09:04","slug":"acrj-vai-trabalhar-em-parceria-com-a-operacao-centro-presente","status":"publish","type":"post","link":"https:\/\/acrj.org.br\/index.php\/2021\/02\/10\/acrj-vai-trabalhar-em-parceria-com-a-operacao-centro-presente\/","title":{"rendered":"ACRJ vai trabalhar em parceria com a Opera\u00e7\u00e3o Centro Presente"},"content":{"rendered":"\n<p>A presidente da ACRJ, Angela Costa, recebeu, dia 9\/2, representantes da Base Pra\u00e7a Mau\u00e1, da Opera\u00e7\u00e3o Seguran\u00e7a Presente, e do Governo do Estado para uma reuni\u00e3o, cuja pauta foi trabalho realizado pela Opera\u00e7\u00e3o Centro Presente e de que forma a Associa\u00e7\u00e3o Comercial do Rio de Janeiro, um dos principais pontos de refer\u00eancia do Centro da cidade, pode contribuir com os agentes de seguran\u00e7a.<\/p>\n\n\n\n<p>A proposta da presidente Angela Costa \u00e9 que a ACRJ possa ajudar na mobiliza\u00e7\u00e3o da sociedade, atrav\u00e9s dos empres\u00e1rios e das entidades ligadas ao com\u00e9rcio que atuam no Centro da cidade. O objetivo \u00e9 que os integrantes do Centro Presente possam apresentar em detalhes o trabalho realizado e como a Associa\u00e7\u00e3o Comercial e demais entidades poder\u00e3o contribuir para melhorar este importante servi\u00e7o prestado \u00e0 comunidade. &nbsp;<\/p>\n\n\n\n<p>\u201cQueremos sempre trabalhar em parceria para que possamos conhecer melhor o trabalho desenvolvido pelo Centro Presente e desta forma contribuir para aperfei\u00e7oar ainda mais esta importante a\u00e7\u00e3o, que vem proporcionando maior seguran\u00e7a aos empres\u00e1rios e \u00e0 popula\u00e7\u00e3o em geral no Centro do Rio\u201d, ressaltou a presidente, durante a reuni\u00e3o com a capit\u00e3o Silvia Barbosa, coordenadora do Centro Presente. A sugest\u00e3o \u00e9 realizar uma reuni\u00e3o virtual com todos os envolvidos para que a Opera\u00e7\u00e3o Centro Presente fa\u00e7a esta apresenta\u00e7\u00e3o do seu trabalho.<\/p>\n\n\n\n<p>Al\u00e9m da capit\u00e3o, tamb\u00e9m participaram do encontro, o vice-presidente de Desenvolvimento estrat\u00e9gico da ACRJ, Jos\u00e9 Antonio do Nascimento Brito; o tenente Nogueira, subcoordenador da Base Centro Presente Delta (Central do Brasil); o assessor do secret\u00e1rio Estadual de Governo, Wilson Andrade; o superintendente da Marcha pela Cidadania e Ordem, Fernanda Fragoso; e o presidente do Rotary, Joper Padr\u00e3o.<\/p>\n\n\n\n<p>Na foto (da esq p\/ dir): Joper Padr\u00e3o, Wilson Andrade, Angela Costa, Fernanda Fragoso, Capit\u00e3o Silvia Barbosa; tenente Nogueira, e Jos\u00e9 Antonio Nascimento Brito<\/p>\n","protected":false},"excerpt":{"rendered":"<p>A presidente da ACRJ, Angela Costa, recebeu, dia 9\/2, representantes da Base Pra\u00e7a Mau\u00e1, da Opera\u00e7\u00e3o Seguran\u00e7a Presente, e do Governo do Estado para uma&hellip;<\/p>\n","protected":false},"author":3,"featured_media":6812,"comment_status":"closed","ping_status":"closed","sticky":false,"template":"","format":"standard","meta":{"_exactmetrics_skip_tracking":false,"_exactmetrics_sitenote_active":false,"_exactmetrics_sitenote_note":"","_exactmetrics_sitenote_category":0,"footnotes":""},"categories":[10],"tags":[],"class_list":["post-6811","post","type-post","status-publish","format-standard","has-post-thumbnail","hentry","category-noticias"],"_links":{"self":[{"href":"https:\/\/acrj.org.br\/index.php\/wp-json\/wp\/v2\/posts\/6811","targetHints":{"allow":["GET"]}}],"collection":[{"href":"https:\/\/acrj.org.br\/index.php\/wp-json\/wp\/v2\/posts"}],"about":[{"href":"https:\/\/acrj.org.br\/index.php\/wp-json\/wp\/v2\/types\/post"}],"author":[{"embeddable":true,"href":"https:\/\/acrj.org.br\/index.php\/wp-json\/wp\/v2\/users\/3"}],"replies":[{"embeddable":true,"href":"https:\/\/acrj.org.br\/index.php\/wp-json\/wp\/v2\/comments?post=6811"}],"version-history":[{"count":0,"href":"https:\/\/acrj.org.br\/index.php\/wp-json\/wp\/v2\/posts\/6811\/revisions"}],"wp:featuredmedia":[{"embeddable":true,"href":"https:\/\/acrj.org.br\/index.php\/wp-json\/wp\/v2\/media\/6812"}],"wp:attachment":[{"href":"https:\/\/acrj.org.br\/index.php\/wp-json\/wp\/v2\/media?parent=6811"}],"wp:term":[{"taxonomy":"category","embeddable":true,"href":"https:\/\/acrj.org.br\/index.php\/wp-json\/wp\/v2\/categories?post=6811"},{"taxonomy":"post_tag","embeddable":true,"href":"https:\/\/acrj.org.br\/index.php\/wp-json\/wp\/v2\/tags?post=6811"}],"curies":[{"name":"wp","href":"https:\/\/api.w.org\/{rel}","templated":true}]}}